{"id":49849,"date":"2022-07-13T09:35:19","date_gmt":"2022-07-13T15:35:19","guid":{"rendered":"https:\/\/summainferno.com\/?p=49849"},"modified":"2022-07-13T09:35:20","modified_gmt":"2022-07-13T15:35:20","slug":"artnat-presenta-su-nuevo-sencillo-the-mirror-effect","status":"publish","type":"post","link":"https:\/\/summainferno.com\/en\/artnat-presenta-su-nuevo-sencillo-the-mirror-effect\/","title":{"rendered":"Artnat presenta su nuevo sencillo, &#8216;The Mirror Effect&#8217;"},"content":{"rendered":"\n<p>La banda progresiva Artnat ha presentado el video oficial de &#8216;The Mirror Effect&#8217;, su m\u00e1s reciente sencillo. Puedes escucharlo m\u00e1s abajo.<\/p>\n\n\n\n<p><em>&#8220;Piensa en una de las elecciones m\u00e1s importantes que hizo en su vida. Y ahora imagina que otro t\u00fa, en otra dimensi\u00f3n, ha elegido de manera diferente. S\u00ed\u2026 &#8220;T\u00fa&#8221; ahora est\u00e1s viviendo caminos separados de una misma alma. \u00a1Qui\u00e9n sabe ad\u00f3nde ha llevado cada uno!\u2026 \u00a1Qu\u00e9 divertido ser\u00eda que estos dos &#8220;t\u00fas&#8221; pudieran hablar \u00bfCu\u00e1ntos &#8220;yo&#8221; paralelos hay en el caleidoscopio de la existencia?\u2026&#8221;<\/em><\/p>\n\n\n\n<figure class=\"wp-block-embed is-type-video is-provider-youtube wp-block-embed-youtube wp-embed-aspect-16-9 wp-has-aspect-ratio\"><div class=\"wp-block-embed__wrapper\">\n<iframe class=\"zeen-lazy-load-base zeen-lazy-load\" title=\"ARTNAT - The Mirror Effect [Lyric Video]\" width=\"1200\" height=\"675\" src=\"about:blank\" data-lazy-src=\"https:\/\/www.youtube.com\/embed\/3QNWriaK02k?feature=oembed\" frameborder=\"0\" allow=\"accelerometer; autoplay; clipboard-write; encrypted-media; gyroscope; picture-in-picture\" allowfullscreen><\/iframe><noscript><iframe title=\"ARTNAT - The Mirror Effect [Lyric Video]\" width=\"1200\" height=\"675\" src=\"https:\/\/www.youtube.com\/embed\/3QNWriaK02k?feature=oembed\" frameborder=\"0\" allow=\"accelerometer; autoplay; clipboard-write; encrypted-media; gyroscope; picture-in-picture\" allowfullscreen><\/iframe><\/noscript>\n<\/div><\/figure>\n","protected":false},"excerpt":{"rendered":"<p>La banda progresiva Artnat ha presentado el video oficial de &#8216;The Mirror Effect&#8217;, su m\u00e1s reciente sencillo. Puedes escucharlo m\u00e1s abajo. &#8220;Piensa en una de las elecciones m\u00e1s importantes que hizo en su vida. Y ahora imagina que otro t\u00fa, en otra dimensi\u00f3n, ha elegido de manera diferente. S\u00ed\u2026 &#8220;T\u00fa&#8221; ahora est\u00e1s viviendo caminos separados de una misma alma. \u00a1Qui\u00e9n sabe ad\u00f3nde ha llevado cada uno!\u2026 \u00a1Qu\u00e9 divertido ser\u00eda que estos dos &#8220;t\u00fas&#8221; pudieran hablar \u00bfCu\u00e1ntos &#8220;yo&#8221; paralelos hay en [&hellip;]<\/p>\n","protected":false},"author":1,"featured_media":49850,"comment_status":"open","ping_status":"open","sticky":false,"template":"","format":"standard","meta":{"footnotes":""},"categories":[260,458],"tags":[4103],"class_list":["post-49849","post","type-post","status-publish","format-standard","has-post-thumbnail","hentry","category-new","category-progresivo","tag-artnat"],"_links":{"self":[{"href":"https:\/\/summainferno.com\/en\/wp-json\/wp\/v2\/posts\/49849","targetHints":{"allow":["GET"]}}],"collection":[{"href":"https:\/\/summainferno.com\/en\/wp-json\/wp\/v2\/posts"}],"about":[{"href":"https:\/\/summainferno.com\/en\/wp-json\/wp\/v2\/types\/post"}],"author":[{"embeddable":true,"href":"https:\/\/summainferno.com\/en\/wp-json\/wp\/v2\/users\/1"}],"replies":[{"embeddable":true,"href":"https:\/\/summainferno.com\/en\/wp-json\/wp\/v2\/comments?post=49849"}],"version-history":[{"count":2,"href":"https:\/\/summainferno.com\/en\/wp-json\/wp\/v2\/posts\/49849\/revisions"}],"predecessor-version":[{"id":49853,"href":"https:\/\/summainferno.com\/en\/wp-json\/wp\/v2\/posts\/49849\/revisions\/49853"}],"wp:featuredmedia":[{"embeddable":true,"href":"https:\/\/summainferno.com\/en\/wp-json\/wp\/v2\/media\/49850"}],"wp:attachment":[{"href":"https:\/\/summainferno.com\/en\/wp-json\/wp\/v2\/media?parent=49849"}],"wp:term":[{"taxonomy":"category","embeddable":true,"href":"https:\/\/summainferno.com\/en\/wp-json\/wp\/v2\/categories?post=49849"},{"taxonomy":"post_tag","embeddable":true,"href":"https:\/\/summainferno.com\/en\/wp-json\/wp\/v2\/tags?post=49849"}],"curies":[{"name":"wp","href":"https:\/\/api.w.org\/{rel}","templated":true}]}}