{"id":49521,"date":"2022-06-15T14:19:43","date_gmt":"2022-06-15T20:19:43","guid":{"rendered":"https:\/\/summainferno.com\/?p=49521"},"modified":"2022-06-15T14:19:44","modified_gmt":"2022-06-15T20:19:44","slug":"alcest-anuncia-gira-por-mexico-en-2023","status":"publish","type":"post","link":"https:\/\/summainferno.com\/en\/alcest-anuncia-gira-por-mexico-en-2023\/","title":{"rendered":"Alcest anuncia gira por M\u00e9xico en 2023"},"content":{"rendered":"<p>Los franceses experimentales <strong>Alcest<\/strong>, volver\u00e1n a M\u00e9xico como parte de su gira por Am\u00e9rica Latina en marzo del 2023, con tres fechas confirmadas en la ciudad de M\u00e9xico, Monterrey y Guadalajara.<\/p>\n\n\n\n<p>La informaci\u00f3n sobre venta de boletos estar\u00e1 disponible, en breve.<\/p>\n\n\n\n<figure class=\"wp-block-image size-full\"><img decoding=\"async\" width=\"720\" height=\"900\" loading=\"lazy\" src=\"https:\/\/summainferno.com\/wp-content\/uploads\/2022\/06\/286877579_1945901602262487_2651585225080202634_n.jpg\" alt=\"\" class=\"wp-image-49522\" title=\"\" srcset=\"https:\/\/summainferno.com\/wp-content\/uploads\/2022\/06\/286877579_1945901602262487_2651585225080202634_n.jpg 720w, https:\/\/summainferno.com\/wp-content\/uploads\/2022\/06\/286877579_1945901602262487_2651585225080202634_n-240x300.jpg 240w, https:\/\/summainferno.com\/wp-content\/uploads\/2022\/06\/286877579_1945901602262487_2651585225080202634_n-380x475.jpg 380w, https:\/\/summainferno.com\/wp-content\/uploads\/2022\/06\/286877579_1945901602262487_2651585225080202634_n-480x600.jpg 480w\" sizes=\"auto, (max-width: 720px) 100vw, 720px\" \/><noscript><img decoding=\"async\" width=\"720\" height=\"900\" src=\"https:\/\/summainferno.com\/wp-content\/uploads\/2022\/06\/286877579_1945901602262487_2651585225080202634_n.jpg\" alt=\"\" class=\"wp-image-49522\" title=\"\" srcset=\"https:\/\/summainferno.com\/wp-content\/uploads\/2022\/06\/286877579_1945901602262487_2651585225080202634_n.jpg 720w, https:\/\/summainferno.com\/wp-content\/uploads\/2022\/06\/286877579_1945901602262487_2651585225080202634_n-240x300.jpg 240w, https:\/\/summainferno.com\/wp-content\/uploads\/2022\/06\/286877579_1945901602262487_2651585225080202634_n-380x475.jpg 380w, https:\/\/summainferno.com\/wp-content\/uploads\/2022\/06\/286877579_1945901602262487_2651585225080202634_n-480x600.jpg 480w\" sizes=\"(max-width: 720px) 100vw, 720px\" \/><\/noscript><\/figure>","protected":false},"excerpt":{"rendered":"<p>Los franceses experimentales Alcest, volver\u00e1n a M\u00e9xico como parte de su gira por Am\u00e9rica Latina en marzo del 2023, con tres fechas confirmadas en la ciudad de M\u00e9xico, Monterrey y Guadalajara. La informaci\u00f3n sobre venta de boletos estar\u00e1 disponible, en breve.<\/p>","protected":false},"author":1,"featured_media":28809,"comment_status":"open","ping_status":"open","sticky":false,"template":"","format":"standard","meta":{"footnotes":""},"categories":[33,260],"tags":[3958,2282,25],"class_list":["post-49521","post","type-post","status-publish","format-standard","has-post-thumbnail","hentry","category-alternativo","category-new","tag-3958","tag-alcest","tag-mexico"],"_links":{"self":[{"href":"https:\/\/summainferno.com\/en\/wp-json\/wp\/v2\/posts\/49521","targetHints":{"allow":["GET"]}}],"collection":[{"href":"https:\/\/summainferno.com\/en\/wp-json\/wp\/v2\/posts"}],"about":[{"href":"https:\/\/summainferno.com\/en\/wp-json\/wp\/v2\/types\/post"}],"author":[{"embeddable":true,"href":"https:\/\/summainferno.com\/en\/wp-json\/wp\/v2\/users\/1"}],"replies":[{"embeddable":true,"href":"https:\/\/summainferno.com\/en\/wp-json\/wp\/v2\/comments?post=49521"}],"version-history":[{"count":1,"href":"https:\/\/summainferno.com\/en\/wp-json\/wp\/v2\/posts\/49521\/revisions"}],"predecessor-version":[{"id":49523,"href":"https:\/\/summainferno.com\/en\/wp-json\/wp\/v2\/posts\/49521\/revisions\/49523"}],"wp:featuredmedia":[{"embeddable":true,"href":"https:\/\/summainferno.com\/en\/wp-json\/wp\/v2\/media\/28809"}],"wp:attachment":[{"href":"https:\/\/summainferno.com\/en\/wp-json\/wp\/v2\/media?parent=49521"}],"wp:term":[{"taxonomy":"category","embeddable":true,"href":"https:\/\/summainferno.com\/en\/wp-json\/wp\/v2\/categories?post=49521"},{"taxonomy":"post_tag","embeddable":true,"href":"https:\/\/summainferno.com\/en\/wp-json\/wp\/v2\/tags?post=49521"}],"curies":[{"name":"wp","href":"https:\/\/api.w.org\/{rel}","templated":true}]}}