{"id":48698,"date":"2022-04-12T20:37:08","date_gmt":"2022-04-13T02:37:08","guid":{"rendered":"https:\/\/summainferno.com\/?p=48698"},"modified":"2022-04-12T20:37:09","modified_gmt":"2022-04-13T02:37:09","slug":"estamos-preparando-un-show-especial-para-mexico-en-2022-eicca-toppinen-apocalyptica","status":"publish","type":"post","link":"https:\/\/summainferno.com\/en\/estamos-preparando-un-show-especial-para-mexico-en-2022-eicca-toppinen-apocalyptica\/","title":{"rendered":"&#8220;Estamos preparando un show especial para M\u00e9xico en 2022&#8221;, Eicca Toppinen, Apocalyptica"},"content":{"rendered":"<p>Una de las bandas finlandesas m\u00e1s amada por el p\u00fablico mexicano es sin duda <strong>Apocalyptic<\/strong>, quienes luego de dos a\u00f1os sin poder pisar un escenario, finalmente est\u00e1n de vuelta en el ruedo y est\u00e1n a punto de comenzar una gira por los Estados Unidos junto a<strong> Lacuna Coil<\/strong>.<\/p>\n\n\n\n<p>Adem\u00e1s, la banda recientemente lanz\u00f3 un nuevo sencillo llamado &#8216;I&#8217;ll Get Through It&#8217; en colaboraci\u00f3n con el cantante Franky P\u00e9rez y el legendario Geezer Butler de Black Sabbath, por lo que tuvimos la oportunidad de hablar con <strong>Eicca Toppinen<\/strong> quien nos confirm\u00f3 que a pesar de que la banda no llegar\u00e1 a M\u00e9xico como parte de esa gira por Am\u00e9rica del Norte, est\u00e1n planeando un show especial.<\/p>\n\n\n\n<p><em>&#8220;Ya estamos en pl\u00e1ticas para un show especial en M\u00e9xico este a\u00f1o&#8221;<\/em>, said <strong>Eicca<\/strong>, <em>&#8220;Todav\u00eda no puedo decir cuando y donde porque no est\u00e1 totalmente confirmado, pero eventualmente se enterar\u00e1n. Adem\u00e1s, estamos discutiendo sobre la posibilidad de irnos de gira por Am\u00e9rica Latina en alg\u00fan momento del pr\u00f3ximo a\u00f1o. De todas formas, M\u00e9xico siempre est\u00e1 entre nuestras prioridades cuando planeamos una gira.&#8221;<\/em><\/p>\n\n\n\n<p>Adem\u00e1s, confirm\u00f3 que <strong>Apocalyptic<\/strong> ya est\u00e1 preparando nuevo material, luego del exitoso <strong><em>Cell-0<\/em><\/strong> de 2020. <em>&#8220;Pronto lanzaremos un EP que tendr\u00e1 tres temas. Ya comenzamos a hablar sobre el posible pr\u00f3ximo \u00e1lbum, pero mientras vamos a grabar m\u00e1s canciones individuales, para estar lanzando cosas de manera constante. Ya tenemos otros tres lanzamientos listos. Algo para finales de a\u00f1o, algo para el invierno, estamos trabajando en varias cosas.&#8221;<\/em><\/p>\n\n\n\n<p>You can watch the full interview below.<\/p>\n\n\n\n<figure class=\"wp-block-embed is-type-video is-provider-youtube wp-block-embed-youtube wp-embed-aspect-16-9 wp-has-aspect-ratio\"><div class=\"wp-block-embed__wrapper\">\n<iframe class=\"zeen-lazy-load-base zeen-lazy-load\" title=\"Apocalyptica: Con el poder renovado #entrevista\" width=\"1200\" height=\"675\" src=\"about:blank\" data-lazy-src=\"https:\/\/www.youtube.com\/embed\/L1wjYmepsY0?start=16&#038;feature=oembed\" frameborder=\"0\" allow=\"accelerometer; autoplay; clipboard-write; encrypted-media; gyroscope; picture-in-picture\" allowfullscreen><\/iframe><noscript><iframe title=\"Apocalyptica: Con el poder renovado #entrevista\" width=\"1200\" height=\"675\" src=\"https:\/\/www.youtube.com\/embed\/L1wjYmepsY0?start=16&#038;feature=oembed\" frameborder=\"0\" allow=\"accelerometer; autoplay; clipboard-write; encrypted-media; gyroscope; picture-in-picture\" allowfullscreen><\/iframe><\/noscript>\n<\/div><\/figure>\n\n\n\n<p>Escucha &#8216;I&#8217;ll Get Through It&#8217; con Franky P\u00e9rez y Geezer Butler, ahora.<\/p>\n\n\n\n<figure class=\"wp-block-embed is-type-video is-provider-youtube wp-block-embed-youtube wp-embed-aspect-16-9 wp-has-aspect-ratio\"><div class=\"wp-block-embed__wrapper\">\n<iframe class=\"zeen-lazy-load-base zeen-lazy-load\" title=\"Apocalyptica and Franky Perez feat. Geezer Butler - I&#039;ll Get Through It (Official Video)\" width=\"1200\" height=\"675\" src=\"about:blank\" data-lazy-src=\"https:\/\/www.youtube.com\/embed\/V2eY099yvWU?feature=oembed\" frameborder=\"0\" allow=\"accelerometer; autoplay; clipboard-write; encrypted-media; gyroscope; picture-in-picture\" allowfullscreen><\/iframe><noscript><iframe title=\"Apocalyptica and Franky Perez feat. Geezer Butler - I&#039;ll Get Through It (Official Video)\" width=\"1200\" height=\"675\" src=\"https:\/\/www.youtube.com\/embed\/V2eY099yvWU?feature=oembed\" frameborder=\"0\" allow=\"accelerometer; autoplay; clipboard-write; encrypted-media; gyroscope; picture-in-picture\" allowfullscreen><\/iframe><\/noscript>\n<\/div><\/figure>","protected":false},"excerpt":{"rendered":"<p>Una de las bandas finlandesas m\u00e1s amada por el p\u00fablico mexicano es sin duda Apocalyptica, quienes luego de dos a\u00f1os sin poder pisar un escenario, finalmente est\u00e1n de vuelta en el ruedo y est\u00e1n a punto de comenzar una gira por los Estados Unidos junto a Lacuna Coil. Adem\u00e1s, la banda recientemente lanz\u00f3 un nuevo sencillo llamado &#8216;I&#8217;ll Get Through It&#8217; en colaboraci\u00f3n con el cantante Franky P\u00e9rez y el legendario Geezer Butler de Black Sabbath, por lo que tuvimos [&hellip;]<\/p>\n","protected":false},"author":1,"featured_media":30867,"comment_status":"open","ping_status":"open","sticky":false,"template":"","format":"standard","meta":{"footnotes":""},"categories":[111,445],"tags":[3511,27,25],"class_list":["post-48698","post","type-post","status-publish","format-standard","has-post-thumbnail","hentry","category-destacado","category-entrevistas","tag-3511","tag-apocalyptica","tag-mexico"],"_links":{"self":[{"href":"https:\/\/summainferno.com\/en\/wp-json\/wp\/v2\/posts\/48698","targetHints":{"allow":["GET"]}}],"collection":[{"href":"https:\/\/summainferno.com\/en\/wp-json\/wp\/v2\/posts"}],"about":[{"href":"https:\/\/summainferno.com\/en\/wp-json\/wp\/v2\/types\/post"}],"author":[{"embeddable":true,"href":"https:\/\/summainferno.com\/en\/wp-json\/wp\/v2\/users\/1"}],"replies":[{"embeddable":true,"href":"https:\/\/summainferno.com\/en\/wp-json\/wp\/v2\/comments?post=48698"}],"version-history":[{"count":2,"href":"https:\/\/summainferno.com\/en\/wp-json\/wp\/v2\/posts\/48698\/revisions"}],"predecessor-version":[{"id":48700,"href":"https:\/\/summainferno.com\/en\/wp-json\/wp\/v2\/posts\/48698\/revisions\/48700"}],"wp:featuredmedia":[{"embeddable":true,"href":"https:\/\/summainferno.com\/en\/wp-json\/wp\/v2\/media\/30867"}],"wp:attachment":[{"href":"https:\/\/summainferno.com\/en\/wp-json\/wp\/v2\/media?parent=48698"}],"wp:term":[{"taxonomy":"category","embeddable":true,"href":"https:\/\/summainferno.com\/en\/wp-json\/wp\/v2\/categories?post=48698"},{"taxonomy":"post_tag","embeddable":true,"href":"https:\/\/summainferno.com\/en\/wp-json\/wp\/v2\/tags?post=48698"}],"curies":[{"name":"wp","href":"https:\/\/api.w.org\/{rel}","templated":true}]}}