{"id":48695,"date":"2022-04-12T20:22:17","date_gmt":"2022-04-13T02:22:17","guid":{"rendered":"https:\/\/summainferno.com\/?p=48695"},"modified":"2022-04-12T20:22:18","modified_gmt":"2022-04-13T02:22:18","slug":"slipknot-comparte-escenario-con-ozuna-belinda-y-paulina-rubio-en-machaca-2022","status":"publish","type":"post","link":"https:\/\/summainferno.com\/en\/slipknot-comparte-escenario-con-ozuna-belinda-y-paulina-rubio-en-machaca-2022\/","title":{"rendered":"Slipknot comparte escenario con Ozuna, Belinda y Paulina Rubio en Machaca 2022"},"content":{"rendered":"<p>El festival regiomontano <strong>Crushes<\/strong> anunci\u00f3 el cartel que presentar\u00e1 en su edici\u00f3n 2022 luego de dos a\u00f1os sin poderse realizar debido a la pandemia.<\/p>\n\n\n\n<p>Como ya se hab\u00eda anunciado previamente, <strong>Slipknot<\/strong> ser\u00e1 una de las bandas principales del festival pero adem\u00e1s, podr\u00e1s ver a Belinda, Reik, Paulina Rubio, Pante\u00f3n Rococ\u00f3, Ozuna, Zurdok y los metalcore australianos, <strong>Polaris<\/strong>.<\/p>\n\n\n\n<p>Si hab\u00edas adquirido tus boletos para 2020, seguir\u00e1 siendo v\u00e1lido para esta nueva edici\u00f3n que se llevar\u00e1 a cabo el 25 de junio en el Parque Fundidora de Monterrey.<\/p>\n\n\n\n<figure class=\"wp-block-image size-large is-style-default\"><img decoding=\"async\" width=\"850\" height=\"1024\" loading=\"lazy\" src=\"https:\/\/summainferno.com\/wp-content\/uploads\/2022\/04\/278141796_1898267750359206_3888593667356685808_n-850x1024.jpg\" alt=\"\" class=\"wp-image-48696\" title=\"\" srcset=\"https:\/\/summainferno.com\/wp-content\/uploads\/2022\/04\/278141796_1898267750359206_3888593667356685808_n-850x1024.jpg 850w, https:\/\/summainferno.com\/wp-content\/uploads\/2022\/04\/278141796_1898267750359206_3888593667356685808_n-249x300.jpg 249w, https:\/\/summainferno.com\/wp-content\/uploads\/2022\/04\/278141796_1898267750359206_3888593667356685808_n-768x925.jpg 768w, https:\/\/summainferno.com\/wp-content\/uploads\/2022\/04\/278141796_1898267750359206_3888593667356685808_n-380x458.jpg 380w, https:\/\/summainferno.com\/wp-content\/uploads\/2022\/04\/278141796_1898267750359206_3888593667356685808_n-800x963.jpg 800w, https:\/\/summainferno.com\/wp-content\/uploads\/2022\/04\/278141796_1898267750359206_3888593667356685808_n-760x915.jpg 760w, https:\/\/summainferno.com\/wp-content\/uploads\/2022\/04\/278141796_1898267750359206_3888593667356685808_n-498x600.jpg 498w, https:\/\/summainferno.com\/wp-content\/uploads\/2022\/04\/278141796_1898267750359206_3888593667356685808_n.jpg 1063w\" sizes=\"auto, (max-width: 850px) 100vw, 850px\" \/><noscript><img decoding=\"async\" width=\"850\" height=\"1024\" src=\"https:\/\/summainferno.com\/wp-content\/uploads\/2022\/04\/278141796_1898267750359206_3888593667356685808_n-850x1024.jpg\" alt=\"\" class=\"wp-image-48696\" title=\"\" srcset=\"https:\/\/summainferno.com\/wp-content\/uploads\/2022\/04\/278141796_1898267750359206_3888593667356685808_n-850x1024.jpg 850w, https:\/\/summainferno.com\/wp-content\/uploads\/2022\/04\/278141796_1898267750359206_3888593667356685808_n-249x300.jpg 249w, https:\/\/summainferno.com\/wp-content\/uploads\/2022\/04\/278141796_1898267750359206_3888593667356685808_n-768x925.jpg 768w, https:\/\/summainferno.com\/wp-content\/uploads\/2022\/04\/278141796_1898267750359206_3888593667356685808_n-380x458.jpg 380w, https:\/\/summainferno.com\/wp-content\/uploads\/2022\/04\/278141796_1898267750359206_3888593667356685808_n-800x963.jpg 800w, https:\/\/summainferno.com\/wp-content\/uploads\/2022\/04\/278141796_1898267750359206_3888593667356685808_n-760x915.jpg 760w, https:\/\/summainferno.com\/wp-content\/uploads\/2022\/04\/278141796_1898267750359206_3888593667356685808_n-498x600.jpg 498w, https:\/\/summainferno.com\/wp-content\/uploads\/2022\/04\/278141796_1898267750359206_3888593667356685808_n.jpg 1063w\" sizes=\"(max-width: 850px) 100vw, 850px\" \/><\/noscript><\/figure>","protected":false},"excerpt":{"rendered":"<p>El festival regiomontano Machaca anunci\u00f3 el cartel que presentar\u00e1 en su edici\u00f3n 2022 luego de dos a\u00f1os sin poderse realizar debido a la pandemia. Como ya se hab\u00eda anunciado previamente, Slipknot ser\u00e1 una de las bandas principales del festival pero adem\u00e1s, podr\u00e1s ver a Belinda, Reik, Paulina Rubio, Pante\u00f3n Rococ\u00f3, Ozuna, Zurdok y los metalcore australianos, Polaris. Si hab\u00edas adquirido tus boletos para 2020, seguir\u00e1 siendo v\u00e1lido para esta nueva edici\u00f3n que se llevar\u00e1 a cabo el 25 de junio [&hellip;]<\/p>\n","protected":false},"author":1,"featured_media":46810,"comment_status":"open","ping_status":"open","sticky":false,"template":"","format":"standard","meta":{"footnotes":""},"categories":[111,260,442],"tags":[3511,259,26,603],"class_list":["post-48695","post","type-post","status-publish","format-standard","has-post-thumbnail","hentry","category-destacado","category-new","category-nu-metal","tag-3511","tag-machaca","tag-monterrey","tag-slipknot"],"_links":{"self":[{"href":"https:\/\/summainferno.com\/en\/wp-json\/wp\/v2\/posts\/48695","targetHints":{"allow":["GET"]}}],"collection":[{"href":"https:\/\/summainferno.com\/en\/wp-json\/wp\/v2\/posts"}],"about":[{"href":"https:\/\/summainferno.com\/en\/wp-json\/wp\/v2\/types\/post"}],"author":[{"embeddable":true,"href":"https:\/\/summainferno.com\/en\/wp-json\/wp\/v2\/users\/1"}],"replies":[{"embeddable":true,"href":"https:\/\/summainferno.com\/en\/wp-json\/wp\/v2\/comments?post=48695"}],"version-history":[{"count":1,"href":"https:\/\/summainferno.com\/en\/wp-json\/wp\/v2\/posts\/48695\/revisions"}],"predecessor-version":[{"id":48697,"href":"https:\/\/summainferno.com\/en\/wp-json\/wp\/v2\/posts\/48695\/revisions\/48697"}],"wp:featuredmedia":[{"embeddable":true,"href":"https:\/\/summainferno.com\/en\/wp-json\/wp\/v2\/media\/46810"}],"wp:attachment":[{"href":"https:\/\/summainferno.com\/en\/wp-json\/wp\/v2\/media?parent=48695"}],"wp:term":[{"taxonomy":"category","embeddable":true,"href":"https:\/\/summainferno.com\/en\/wp-json\/wp\/v2\/categories?post=48695"},{"taxonomy":"post_tag","embeddable":true,"href":"https:\/\/summainferno.com\/en\/wp-json\/wp\/v2\/tags?post=48695"}],"curies":[{"name":"wp","href":"https:\/\/api.w.org\/{rel}","templated":true}]}}