{"id":48302,"date":"2022-03-04T11:27:44","date_gmt":"2022-03-04T17:27:44","guid":{"rendered":"https:\/\/summainferno.com\/?p=48302"},"modified":"2022-03-04T11:27:45","modified_gmt":"2022-03-04T17:27:45","slug":"helloween-regresara-a-la-ciudad-de-mexico-en-septiembre","status":"publish","type":"post","link":"https:\/\/summainferno.com\/en\/helloween-regresara-a-la-ciudad-de-mexico-en-septiembre\/","title":{"rendered":"Helloween regresar\u00e1 a la Ciudad de M\u00e9xico en septiembre"},"content":{"rendered":"<p>Se ha dado el anuncio del regreso de los alemanes <strong>Helloween<\/strong> a nuestro pa\u00eds, y hasta el momento s\u00f3lo 1 show est\u00e1 confirmado en M\u00e9xico.<\/p>\n\n\n\n<p>Ya se ven\u00eda hablando de que se presentar\u00edan este mismo a\u00f1o aqu\u00ed, incluso se especulaba que ser\u00edan parte de un festival nacional, pero la sorpresa ha sido distinta: Llegar\u00e1n el <strong>24 de septiembre a la Arena CDMX<\/strong> y no lo har\u00e1n completamente solos, sino que contar\u00e1n con <strong>Hammerfall<\/strong> como invitados especiales de la noche.<\/p>\n\n\n\n<figure class=\"wp-block-image size-large\"><img decoding=\"async\" width=\"725\" height=\"1024\" loading=\"lazy\" src=\"https:\/\/summainferno.com\/wp-content\/uploads\/2022\/03\/Helloween-MX-725x1024.jpeg\" alt=\"\" class=\"wp-image-48340\" title=\"\" srcset=\"https:\/\/summainferno.com\/wp-content\/uploads\/2022\/03\/Helloween-MX-725x1024.jpeg 725w, https:\/\/summainferno.com\/wp-content\/uploads\/2022\/03\/Helloween-MX-213x300.jpeg 213w, https:\/\/summainferno.com\/wp-content\/uploads\/2022\/03\/Helloween-MX-768x1084.jpeg 768w, https:\/\/summainferno.com\/wp-content\/uploads\/2022\/03\/Helloween-MX-1088x1536.jpeg 1088w, https:\/\/summainferno.com\/wp-content\/uploads\/2022\/03\/Helloween-MX-380x536.jpeg 380w, https:\/\/summainferno.com\/wp-content\/uploads\/2022\/03\/Helloween-MX-800x1129.jpeg 800w, https:\/\/summainferno.com\/wp-content\/uploads\/2022\/03\/Helloween-MX-1160x1638.jpeg 1160w, https:\/\/summainferno.com\/wp-content\/uploads\/2022\/03\/Helloween-MX-760x1073.jpeg 760w, https:\/\/summainferno.com\/wp-content\/uploads\/2022\/03\/Helloween-MX-425x600.jpeg 425w, https:\/\/summainferno.com\/wp-content\/uploads\/2022\/03\/Helloween-MX.jpeg 1200w\" sizes=\"auto, (max-width: 725px) 100vw, 725px\" \/><noscript><img decoding=\"async\" width=\"725\" height=\"1024\" src=\"https:\/\/summainferno.com\/wp-content\/uploads\/2022\/03\/Helloween-MX-725x1024.jpeg\" alt=\"\" class=\"wp-image-48340\" title=\"\" srcset=\"https:\/\/summainferno.com\/wp-content\/uploads\/2022\/03\/Helloween-MX-725x1024.jpeg 725w, https:\/\/summainferno.com\/wp-content\/uploads\/2022\/03\/Helloween-MX-213x300.jpeg 213w, https:\/\/summainferno.com\/wp-content\/uploads\/2022\/03\/Helloween-MX-768x1084.jpeg 768w, https:\/\/summainferno.com\/wp-content\/uploads\/2022\/03\/Helloween-MX-1088x1536.jpeg 1088w, https:\/\/summainferno.com\/wp-content\/uploads\/2022\/03\/Helloween-MX-380x536.jpeg 380w, https:\/\/summainferno.com\/wp-content\/uploads\/2022\/03\/Helloween-MX-800x1129.jpeg 800w, https:\/\/summainferno.com\/wp-content\/uploads\/2022\/03\/Helloween-MX-1160x1638.jpeg 1160w, https:\/\/summainferno.com\/wp-content\/uploads\/2022\/03\/Helloween-MX-760x1073.jpeg 760w, https:\/\/summainferno.com\/wp-content\/uploads\/2022\/03\/Helloween-MX-425x600.jpeg 425w, https:\/\/summainferno.com\/wp-content\/uploads\/2022\/03\/Helloween-MX.jpeg 1200w\" sizes=\"(max-width: 725px) 100vw, 725px\" \/><\/noscript><\/figure>\n\n\n\n<p>Todo esto como parte del <strong>&#8216;United Forces Latin America Tour&#8217;<\/strong>, que ha confirmado 6 fechas en total incluyendo a <em>M\u00e9xico, Chile, Argentina <\/em>and<em> Brasil<\/em>.<\/p>\n\n\n\n<p>Los boletos para la presentaci\u00f3n en M\u00e9xico estar\u00e1n disponibles a partir del lunes 7 de marzo a trav\u00e9s de la red de Super Boletos, con un rango de precios desde va desde $850 hasta los $2,280 pesos.<\/p>","protected":false},"excerpt":{"rendered":"<p>Se ha dado el anuncio del regreso de los alemanes Helloween a nuestro pa\u00eds, y hasta el momento s\u00f3lo 1 show est\u00e1 confirmado en M\u00e9xico. Ya se ven\u00eda hablando de que se presentar\u00edan este mismo a\u00f1o aqu\u00ed, incluso se especulaba que ser\u00edan parte de un festival nacional, pero la sorpresa ha sido distinta: Llegar\u00e1n el 24 de septiembre a la Arena CDMX y no lo har\u00e1n completamente solos, sino que contar\u00e1n con Hammerfall como invitados especiales de la noche. Todo [&hellip;]<\/p>\n","protected":false},"author":13,"featured_media":48343,"comment_status":"open","ping_status":"open","sticky":false,"template":"","format":"standard","meta":{"footnotes":""},"categories":[260],"tags":[1138],"class_list":["post-48302","post","type-post","status-publish","format-standard","has-post-thumbnail","hentry","category-new","tag-helloween"],"_links":{"self":[{"href":"https:\/\/summainferno.com\/en\/wp-json\/wp\/v2\/posts\/48302","targetHints":{"allow":["GET"]}}],"collection":[{"href":"https:\/\/summainferno.com\/en\/wp-json\/wp\/v2\/posts"}],"about":[{"href":"https:\/\/summainferno.com\/en\/wp-json\/wp\/v2\/types\/post"}],"author":[{"embeddable":true,"href":"https:\/\/summainferno.com\/en\/wp-json\/wp\/v2\/users\/13"}],"replies":[{"embeddable":true,"href":"https:\/\/summainferno.com\/en\/wp-json\/wp\/v2\/comments?post=48302"}],"version-history":[{"count":4,"href":"https:\/\/summainferno.com\/en\/wp-json\/wp\/v2\/posts\/48302\/revisions"}],"predecessor-version":[{"id":48344,"href":"https:\/\/summainferno.com\/en\/wp-json\/wp\/v2\/posts\/48302\/revisions\/48344"}],"wp:featuredmedia":[{"embeddable":true,"href":"https:\/\/summainferno.com\/en\/wp-json\/wp\/v2\/media\/48343"}],"wp:attachment":[{"href":"https:\/\/summainferno.com\/en\/wp-json\/wp\/v2\/media?parent=48302"}],"wp:term":[{"taxonomy":"category","embeddable":true,"href":"https:\/\/summainferno.com\/en\/wp-json\/wp\/v2\/categories?post=48302"},{"taxonomy":"post_tag","embeddable":true,"href":"https:\/\/summainferno.com\/en\/wp-json\/wp\/v2\/tags?post=48302"}],"curies":[{"name":"wp","href":"https:\/\/api.w.org\/{rel}","templated":true}]}}