{"id":47747,"date":"2022-01-17T22:11:44","date_gmt":"2022-01-18T04:11:44","guid":{"rendered":"https:\/\/summainferno.com\/?p=47747"},"modified":"2022-01-17T22:11:45","modified_gmt":"2022-01-18T04:11:45","slug":"the-rasmus-estrena-sencillo-jezebel","status":"publish","type":"post","link":"https:\/\/summainferno.com\/en\/the-rasmus-estrena-sencillo-jezebel\/","title":{"rendered":"The Rasmus estrena sencillo: Jezebel"},"content":{"rendered":"<p><strong>The Rasmus<\/strong> ha presentado hoy un nuevo tema llamado <strong><em>&#8216;Jezebel&#8217;<\/em><\/strong>, en d\u00f3nde podemos ver en acci\u00f3n a <strong>Emilia &#8216;Emppu&#8217; Suhonen<\/strong>, su nueva guitarrista, que lleg\u00f3 a la banda despu\u00e9s del sorpresivo anuncio de la salida de <strong>Pauli Rantasalmi<\/strong>, miembro fundador de la banda.<\/p>\n\n\n\n<p><strong><em>&#8216;Jezebel&#8217;<\/em><\/strong> es el single con el que <strong>The Rasmus<\/strong> desea representar a su pa\u00eds en el <em>Festival de la Canci\u00f3n Eurovisi\u00f3n<\/em>, que se llevar\u00e1 a cabo el pr\u00f3ximo mes de mayo en Tur\u00edn, Italia, y que se hab\u00eda llevado a cabo sin interrupciones desde 1956, hasta que en 2020 la pandemia a nivel global no lo permiti\u00f3.<\/p>\n\n\n\n<blockquote class=\"wp-block-quote is-layout-flow wp-block-quote-is-layout-flow\"><p><em>&#8220;Jezebel es un homenaje a las mujeres fuertes de hoy, due\u00f1as de su cuerpo, de su sensualidad, esp\u00edritus libres.&#8221;<\/em><\/p><\/blockquote>\n\n\n\n<p>Puedes escuchar este nuevo sencillo y checar el lyric video a continuaci\u00f3n:<\/p>\n\n\n\n<figure class=\"wp-block-embed is-type-video is-provider-youtube wp-block-embed-youtube wp-embed-aspect-16-9 wp-has-aspect-ratio\"><div class=\"wp-block-embed__wrapper\">\n<iframe class=\"zeen-lazy-load-base zeen-lazy-load\" title=\"The Rasmus - Jezebel (Lyric Video) \/\/ UMK22\" width=\"1200\" height=\"675\" src=\"about:blank\" data-lazy-src=\"https:\/\/www.youtube.com\/embed\/oTm4fgYIWGI?feature=oembed\" frameborder=\"0\" allow=\"accelerometer; autoplay; clipboard-write; encrypted-media; gyroscope; picture-in-picture\" allowfullscreen><\/iframe><noscript><iframe title=\"The Rasmus - Jezebel (Lyric Video) \/\/ UMK22\" width=\"1200\" height=\"675\" src=\"https:\/\/www.youtube.com\/embed\/oTm4fgYIWGI?feature=oembed\" frameborder=\"0\" allow=\"accelerometer; autoplay; clipboard-write; encrypted-media; gyroscope; picture-in-picture\" allowfullscreen><\/iframe><\/noscript>\n<\/div><\/figure>\n\n\n\n<p>&#8216;Jezebel&#8217; cuenta con el aporte de <strong>Desmond Child<\/strong>, compositor y productor que ha colaborado tambi\u00e9n con Aerosmith, Kiss, Bon Jovi, etc.<\/p>\n\n\n\n<blockquote class=\"wp-block-quote is-layout-flow wp-block-quote-is-layout-flow\"><p><em>&#8220;Fue incre\u00edble trabajar nuevamente con Desmond, \u00e9l realmente sabe c\u00f3mo crear una canci\u00f3n exitosa&#8221;<\/em><\/p><cite>Lauri Yl\u00f6nen<\/cite><\/blockquote>\n\n\n\n<p><strong>The Rasmus<\/strong> se presentar\u00e1 el pr\u00f3ximo 26 de febrero en la gala en d\u00f3nde se elegir\u00e1 al representante de Finlandia para el Festival Eurovisi\u00f3n, y ser\u00e1 la primer presentaci\u00f3n de la banda con su nueva alineaci\u00f3n.<\/p>","protected":false},"excerpt":{"rendered":"<p>The Rasmus ha presentado hoy un nuevo tema llamado &#8216;Jezebel&#8217;, en d\u00f3nde podemos ver en acci\u00f3n a Emilia &#8216;Emppu&#8217; Suhonen, su nueva guitarrista, que lleg\u00f3 a la banda despu\u00e9s del sorpresivo anuncio de la salida de Pauli Rantasalmi, miembro fundador de la banda. &#8216;Jezebel&#8217; es el single con el que The Rasmus desea representar a su pa\u00eds en el Festival de la Canci\u00f3n Eurovisi\u00f3n, que se llevar\u00e1 a cabo el pr\u00f3ximo mes de mayo en Tur\u00edn, Italia, y que se [&hellip;]<\/p>\n","protected":false},"author":13,"featured_media":47663,"comment_status":"open","ping_status":"open","sticky":false,"template":"","format":"standard","meta":{"footnotes":""},"categories":[260],"tags":[273],"class_list":["post-47747","post","type-post","status-publish","format-standard","has-post-thumbnail","hentry","category-new","tag-the-rasmus"],"_links":{"self":[{"href":"https:\/\/summainferno.com\/en\/wp-json\/wp\/v2\/posts\/47747","targetHints":{"allow":["GET"]}}],"collection":[{"href":"https:\/\/summainferno.com\/en\/wp-json\/wp\/v2\/posts"}],"about":[{"href":"https:\/\/summainferno.com\/en\/wp-json\/wp\/v2\/types\/post"}],"author":[{"embeddable":true,"href":"https:\/\/summainferno.com\/en\/wp-json\/wp\/v2\/users\/13"}],"replies":[{"embeddable":true,"href":"https:\/\/summainferno.com\/en\/wp-json\/wp\/v2\/comments?post=47747"}],"version-history":[{"count":2,"href":"https:\/\/summainferno.com\/en\/wp-json\/wp\/v2\/posts\/47747\/revisions"}],"predecessor-version":[{"id":47749,"href":"https:\/\/summainferno.com\/en\/wp-json\/wp\/v2\/posts\/47747\/revisions\/47749"}],"wp:featuredmedia":[{"embeddable":true,"href":"https:\/\/summainferno.com\/en\/wp-json\/wp\/v2\/media\/47663"}],"wp:attachment":[{"href":"https:\/\/summainferno.com\/en\/wp-json\/wp\/v2\/media?parent=47747"}],"wp:term":[{"taxonomy":"category","embeddable":true,"href":"https:\/\/summainferno.com\/en\/wp-json\/wp\/v2\/categories?post=47747"},{"taxonomy":"post_tag","embeddable":true,"href":"https:\/\/summainferno.com\/en\/wp-json\/wp\/v2\/tags?post=47747"}],"curies":[{"name":"wp","href":"https:\/\/api.w.org\/{rel}","templated":true}]}}