{"id":47094,"date":"2021-11-22T14:14:37","date_gmt":"2021-11-22T20:14:37","guid":{"rendered":"https:\/\/summainferno.com\/?p=47094"},"modified":"2021-11-22T14:14:38","modified_gmt":"2021-11-22T20:14:38","slug":"el-nuevo-album-de-megadeth-tiene-fecha-tentativa-de-lanzamiento","status":"publish","type":"post","link":"https:\/\/summainferno.com\/en\/el-nuevo-album-de-megadeth-tiene-fecha-tentativa-de-lanzamiento\/","title":{"rendered":"El nuevo \u00e1lbum de Megadeth tiene fecha tentativa de lanzamiento"},"content":{"rendered":"\n<p><strong>Dave Mustaine<\/strong> habl\u00f3 sobre el lanzamiento del pr\u00f3ximo \u00e1lbum de <strong><em>&#8216;The Sick, The Dying And The Dead&#8217; <\/em><\/strong>y confirm\u00f3 que tiene planeado presentarlo en la primavera del 2022, claro, si todo sale seg\u00fan el plan.<\/p>\n\n\n\n<p>En entrevista con la revista<strong> American Songwriter,<\/strong> tambi\u00e9n habl\u00f3 sobre la canci\u00f3n que le da t\u00edtulo al \u00e1lbum, diciendo que trata sobre la plaga, <em>&#8220;La canci\u00f3n en s\u00ed fue un viaje hist\u00f3rico de c\u00f3mo comenz\u00f3 la plaga y ad\u00f3nde se dirigi\u00f3, comenzando con ratas en barcos que transportaban la enfermedad y desembarcando en Sicilia&#8221;<\/em>, platic\u00f3.<\/p>\n\n\n\n<p>[powerkit_posts]<\/p>\n\n\n\n<p>Hasta este momento, <strong>Mustaine<\/strong> no ha revelado quien es el reemplazo del bajista <strong>David Ellefson<\/strong>, quien fue despedido de la banda tras un esc\u00e1ndalo que inclu\u00eda sexo virtual con una fan\u00e1tica europea.<\/p>\n","protected":false},"excerpt":{"rendered":"<p>Dave Mustaine habl\u00f3 sobre el lanzamiento del pr\u00f3ximo \u00e1lbum de &#8216;The Sick, The Dying And The Dead&#8217; y confirm\u00f3 que tiene planeado presentarlo en la primavera del 2022, claro, si todo sale seg\u00fan el plan. En entrevista con la revista American Songwriter, tambi\u00e9n habl\u00f3 sobre la canci\u00f3n que le da t\u00edtulo al \u00e1lbum, diciendo que trata sobre la plaga, &#8220;La canci\u00f3n en s\u00ed fue un viaje hist\u00f3rico de c\u00f3mo comenz\u00f3 la plaga y ad\u00f3nde se dirigi\u00f3, comenzando con ratas en [&hellip;]<\/p>\n","protected":false},"author":1,"featured_media":28390,"comment_status":"open","ping_status":"open","sticky":false,"template":"","format":"standard","meta":{"footnotes":""},"categories":[111,260,620],"tags":[552,388],"class_list":["post-47094","post","type-post","status-publish","format-standard","has-post-thumbnail","hentry","category-destacado","category-new","category-thrash-metal","tag-dave-mustaine","tag-megadeth"],"_links":{"self":[{"href":"https:\/\/summainferno.com\/en\/wp-json\/wp\/v2\/posts\/47094","targetHints":{"allow":["GET"]}}],"collection":[{"href":"https:\/\/summainferno.com\/en\/wp-json\/wp\/v2\/posts"}],"about":[{"href":"https:\/\/summainferno.com\/en\/wp-json\/wp\/v2\/types\/post"}],"author":[{"embeddable":true,"href":"https:\/\/summainferno.com\/en\/wp-json\/wp\/v2\/users\/1"}],"replies":[{"embeddable":true,"href":"https:\/\/summainferno.com\/en\/wp-json\/wp\/v2\/comments?post=47094"}],"version-history":[{"count":0,"href":"https:\/\/summainferno.com\/en\/wp-json\/wp\/v2\/posts\/47094\/revisions"}],"wp:featuredmedia":[{"embeddable":true,"href":"https:\/\/summainferno.com\/en\/wp-json\/wp\/v2\/media\/28390"}],"wp:attachment":[{"href":"https:\/\/summainferno.com\/en\/wp-json\/wp\/v2\/media?parent=47094"}],"wp:term":[{"taxonomy":"category","embeddable":true,"href":"https:\/\/summainferno.com\/en\/wp-json\/wp\/v2\/categories?post=47094"},{"taxonomy":"post_tag","embeddable":true,"href":"https:\/\/summainferno.com\/en\/wp-json\/wp\/v2\/tags?post=47094"}],"curies":[{"name":"wp","href":"https:\/\/api.w.org\/{rel}","templated":true}]}}