{"id":46994,"date":"2021-11-16T13:30:28","date_gmt":"2021-11-16T19:30:28","guid":{"rendered":"https:\/\/summainferno.com\/?p=46994"},"modified":"2021-11-16T13:30:29","modified_gmt":"2021-11-16T19:30:29","slug":"martin-axe-axenrot-queda-fuera-de-opeth","status":"publish","type":"post","link":"https:\/\/summainferno.com\/en\/martin-axe-axenrot-queda-fuera-de-opeth\/","title":{"rendered":"Martin &#8216;Axe&#8217; Axenrot queda fuera de Opeth"},"content":{"rendered":"<p>The swedish band <strong>Opeth<\/strong> ha hecho p\u00fablica su decisi\u00f3n de dejar fuera de la banda y de su actual tour, al baterista<strong><em> Martin &#8216;Axe&#8217; Axenrot<\/em><\/strong>, mediante un comunicado a trav\u00e9s de sus redes sociales, se\u00f1alando &#8220;conflictos de inter\u00e9s&#8221;.<\/p>\n\n\n\n<p>Aqu\u00ed el comunicado completo que la banda subi\u00f3 el d\u00eda de hoy:<\/p>\n\n\n\n<figure class=\"wp-block-image size-large\"><img decoding=\"async\" width=\"1024\" height=\"1024\" loading=\"lazy\" src=\"https:\/\/summainferno.com\/wp-content\/uploads\/2021\/11\/Opeth-Text-1024x1024.jpeg\" alt=\"\" class=\"wp-image-46997\" title=\"\" srcset=\"https:\/\/summainferno.com\/wp-content\/uploads\/2021\/11\/Opeth-Text-1024x1024.jpeg 1024w, https:\/\/summainferno.com\/wp-content\/uploads\/2021\/11\/Opeth-Text-300x300.jpeg 300w, https:\/\/summainferno.com\/wp-content\/uploads\/2021\/11\/Opeth-Text-150x150.jpeg 150w, https:\/\/summainferno.com\/wp-content\/uploads\/2021\/11\/Opeth-Text-768x768.jpeg 768w, https:\/\/summainferno.com\/wp-content\/uploads\/2021\/11\/Opeth-Text-80x80.jpeg 80w, https:\/\/summainferno.com\/wp-content\/uploads\/2021\/11\/Opeth-Text-110x110.jpeg 110w, https:\/\/summainferno.com\/wp-content\/uploads\/2021\/11\/Opeth-Text-380x380.jpeg 380w, https:\/\/summainferno.com\/wp-content\/uploads\/2021\/11\/Opeth-Text-800x800.jpeg 800w, https:\/\/summainferno.com\/wp-content\/uploads\/2021\/11\/Opeth-Text-24x24.jpeg 24w, https:\/\/summainferno.com\/wp-content\/uploads\/2021\/11\/Opeth-Text-48x48.jpeg 48w, https:\/\/summainferno.com\/wp-content\/uploads\/2021\/11\/Opeth-Text-96x96.jpeg 96w, https:\/\/summainferno.com\/wp-content\/uploads\/2021\/11\/Opeth-Text-160x160.jpeg 160w, https:\/\/summainferno.com\/wp-content\/uploads\/2021\/11\/Opeth-Text-220x220.jpeg 220w, https:\/\/summainferno.com\/wp-content\/uploads\/2021\/11\/Opeth-Text-760x760.jpeg 760w, https:\/\/summainferno.com\/wp-content\/uploads\/2021\/11\/Opeth-Text-192x192.jpeg 192w, https:\/\/summainferno.com\/wp-content\/uploads\/2021\/11\/Opeth-Text-600x600.jpeg 600w, https:\/\/summainferno.com\/wp-content\/uploads\/2021\/11\/Opeth-Text.jpeg 1080w\" sizes=\"auto, (max-width: 1024px) 100vw, 1024px\" \/><noscript><img decoding=\"async\" width=\"1024\" height=\"1024\" src=\"https:\/\/summainferno.com\/wp-content\/uploads\/2021\/11\/Opeth-Text-1024x1024.jpeg\" alt=\"\" class=\"wp-image-46997\" title=\"\" srcset=\"https:\/\/summainferno.com\/wp-content\/uploads\/2021\/11\/Opeth-Text-1024x1024.jpeg 1024w, https:\/\/summainferno.com\/wp-content\/uploads\/2021\/11\/Opeth-Text-300x300.jpeg 300w, https:\/\/summainferno.com\/wp-content\/uploads\/2021\/11\/Opeth-Text-150x150.jpeg 150w, https:\/\/summainferno.com\/wp-content\/uploads\/2021\/11\/Opeth-Text-768x768.jpeg 768w, https:\/\/summainferno.com\/wp-content\/uploads\/2021\/11\/Opeth-Text-80x80.jpeg 80w, https:\/\/summainferno.com\/wp-content\/uploads\/2021\/11\/Opeth-Text-110x110.jpeg 110w, https:\/\/summainferno.com\/wp-content\/uploads\/2021\/11\/Opeth-Text-380x380.jpeg 380w, https:\/\/summainferno.com\/wp-content\/uploads\/2021\/11\/Opeth-Text-800x800.jpeg 800w, https:\/\/summainferno.com\/wp-content\/uploads\/2021\/11\/Opeth-Text-24x24.jpeg 24w, https:\/\/summainferno.com\/wp-content\/uploads\/2021\/11\/Opeth-Text-48x48.jpeg 48w, https:\/\/summainferno.com\/wp-content\/uploads\/2021\/11\/Opeth-Text-96x96.jpeg 96w, https:\/\/summainferno.com\/wp-content\/uploads\/2021\/11\/Opeth-Text-160x160.jpeg 160w, https:\/\/summainferno.com\/wp-content\/uploads\/2021\/11\/Opeth-Text-220x220.jpeg 220w, https:\/\/summainferno.com\/wp-content\/uploads\/2021\/11\/Opeth-Text-760x760.jpeg 760w, https:\/\/summainferno.com\/wp-content\/uploads\/2021\/11\/Opeth-Text-192x192.jpeg 192w, https:\/\/summainferno.com\/wp-content\/uploads\/2021\/11\/Opeth-Text-600x600.jpeg 600w, https:\/\/summainferno.com\/wp-content\/uploads\/2021\/11\/Opeth-Text.jpeg 1080w\" sizes=\"(max-width: 1024px) 100vw, 1024px\" \/><\/noscript><\/figure>\n\n\n\n<p>Al mismo tiempo, anunciaron que ya se cuenta con el reemplazo, y este ser\u00e1 el baterista <strong>Sami Karppinen<\/strong> from the band <strong><em>Therion<\/em><\/strong>, quien hoy mismo har\u00e1 su debut en la fecha que la banda tiene pactada en <strong><em>Asheville<\/em><\/strong>, en <em><strong>Carolina del Norte<\/strong><\/em>, next to <strong>Mastodon<\/strong> and <strong>Zeal &amp; Ardor<\/strong>, por lo cu\u00e1l la decisi\u00f3n no representar\u00e1 ninguna afectaci\u00f3n en el resto de fechas programadas para la banda.<\/p>\n\n\n\n<blockquote class=\"wp-block-quote is-layout-flow wp-block-quote-is-layout-flow\"><p><em>&#8220;Estamos incre\u00edblemente agradecidos de que Sami nos est\u00e9 ayudando, haciendo que este tour sea posible.<br>Todos deseamos lo mejor para Axe en todos y cada uno de sus proyectos futuros&#8221;.<\/em><\/p><cite>Mikael Akerfeldt, l\u00edder de la banda.<\/cite><\/blockquote>\n\n\n\n<p><strong>Axe<\/strong> form\u00f3 parte de Opeth en el periodo del 2005 hasta 2021, participando tanto en shows en vivo como en el trabajo de la banda en estudio.<\/p>","protected":false},"excerpt":{"rendered":"<p>La banda sueca Opeth ha hecho p\u00fablica su decisi\u00f3n de dejar fuera de la banda y de su actual tour, al baterista Martin &#8216;Axe&#8217; Axenrot, mediante un comunicado a trav\u00e9s de sus redes sociales, se\u00f1alando &#8220;conflictos de inter\u00e9s&#8221;. Aqu\u00ed el comunicado completo que la banda subi\u00f3 el d\u00eda de hoy: Al mismo tiempo, anunciaron que ya se cuenta con el reemplazo, y este ser\u00e1 el baterista Sami Karppinen de la banda Therion, quien hoy mismo har\u00e1 su debut en la [&hellip;]<\/p>\n","protected":false},"author":13,"featured_media":47000,"comment_status":"open","ping_status":"open","sticky":false,"template":"","format":"standard","meta":{"footnotes":""},"categories":[260],"tags":[3924,1076],"class_list":["post-46994","post","type-post","status-publish","format-standard","has-post-thumbnail","hentry","category-new","tag-martin-axenrot","tag-opeth"],"_links":{"self":[{"href":"https:\/\/summainferno.com\/en\/wp-json\/wp\/v2\/posts\/46994","targetHints":{"allow":["GET"]}}],"collection":[{"href":"https:\/\/summainferno.com\/en\/wp-json\/wp\/v2\/posts"}],"about":[{"href":"https:\/\/summainferno.com\/en\/wp-json\/wp\/v2\/types\/post"}],"author":[{"embeddable":true,"href":"https:\/\/summainferno.com\/en\/wp-json\/wp\/v2\/users\/13"}],"replies":[{"embeddable":true,"href":"https:\/\/summainferno.com\/en\/wp-json\/wp\/v2\/comments?post=46994"}],"version-history":[{"count":0,"href":"https:\/\/summainferno.com\/en\/wp-json\/wp\/v2\/posts\/46994\/revisions"}],"wp:featuredmedia":[{"embeddable":true,"href":"https:\/\/summainferno.com\/en\/wp-json\/wp\/v2\/media\/47000"}],"wp:attachment":[{"href":"https:\/\/summainferno.com\/en\/wp-json\/wp\/v2\/media?parent=46994"}],"wp:term":[{"taxonomy":"category","embeddable":true,"href":"https:\/\/summainferno.com\/en\/wp-json\/wp\/v2\/categories?post=46994"},{"taxonomy":"post_tag","embeddable":true,"href":"https:\/\/summainferno.com\/en\/wp-json\/wp\/v2\/tags?post=46994"}],"curies":[{"name":"wp","href":"https:\/\/api.w.org\/{rel}","templated":true}]}}