{"id":45634,"date":"2021-09-02T12:48:26","date_gmt":"2021-09-02T18:48:26","guid":{"rendered":"https:\/\/summainferno.com\/?p=45634"},"modified":"2021-09-02T14:09:32","modified_gmt":"2021-09-02T20:09:32","slug":"steelfest-open-air-finlandia-cultura-de-la-cancelacion-o-libertad-de-expresion","status":"publish","type":"post","link":"https:\/\/summainferno.com\/en\/steelfest-open-air-finlandia-cultura-de-la-cancelacion-o-libertad-de-expresion\/","title":{"rendered":"Steelfest Open Air [Finlandia]: \u00bfcultura de la cancelaci\u00f3n o libertad de expresi\u00f3n?"},"content":{"rendered":"<p>El festival finland\u00e9s <strong>Steelfest Open Air<\/strong>, acus\u00f3 a varias agencias y artistas de presionarlos para cambiar su lineup anunciado, debido a que incluye &#8220;bandas non gratas&#8221;, o ellos cancelar\u00edan su participaci\u00f3n en el evento. <\/p>\n\n\n\n<p>Aunque los organizadores del evento no dieron nombres, se cree que el problema es a causa de la participaci\u00f3n de<strong> <meta charset=\"utf-8\">Satanic Warmaster<\/strong> y algunas m\u00e1s, quienes han sido acusados de tener ideolog\u00eda nazi, lo que les ha costado muchos problemas a lo largo de su carrera.<\/p>\n\n\n\n<p>Por ahora, los alemanes <strong>Sodom<\/strong> ya cancelaron su participaci\u00f3n en el festival.<\/p>\n\n\n\n<p><em>&#8220;\u00a1Hola a todos! Hemos sido contactados por algunas (no todas) agencias \/ managers que representan a algunos de los artistas que se supone se presentar\u00edan en Steelfest Open Air 2022. \u00a1Nota! No hemos hablado con las bandas directamente, as\u00ed que no sabemos que piensan sobre esta situaci\u00f3n.<\/em><\/p>\n\n\n\n<p><em>Estas 2 o 3 agencias ten\u00eda un mensaje claro: Steelfest debe reconsiderar su lineup o&#8230;<\/em><\/p>\n\n\n\n<p><em>Nuestras respuesta fue, &#8216;Entendemos su punto de vista y nos gustar\u00eda escuchar su opini\u00f3n sobre qu\u00e9 bandas en particular sienten que son las problem\u00e1ticas&#8221;. No obtuvimos respuesta de algunas agencias. Luego, nos mandaron una lista de 12 bandas que &#8220;deberiamos reconsiderar&#8221;. Doce bandas que seg\u00fan ellos debemos &#8220;reconsiderar&#8221; o cancelar. Y tal vez habr\u00eda m\u00e1s por venir.<\/em><\/p>\n\n\n\n<p><em>Steelfest no puede negociar ni dejar que un tercero tenga poder de decisi\u00f3n sobre qu\u00e9 banda puede tocar o no en cualquiera de nuestros eventos. Me di cuenta de que soy culpable de crear una mezcla demasiado controversial de manejarla para estas agencias. Este g\u00e9nero es solo dinero para ellos.<\/em><\/p>\n\n\n\n<p><em>Entonces, tenemos que detener esto. No podemos estar atados a este tipo de conversaci\u00f3n y controlados por ning\u00fan tercero y no siempre podemos verificar a las agencias y sus &#8220;profesionales&#8221;, o hacer caso de cualquier tipo de presi\u00f3n social sobre que artista o banda &#8220;est\u00e1 bien para tocar en Steelfest&#8221;. <\/em><\/p>\n\n\n\n<p><em>A medida que terminamos este tema, significa que tendremos cancelaciones para Steelfest 2022.<\/em><\/p>\n\n\n\n<p><em>La presi\u00f3n de las redes sociales, especialmente en algunas partes del mundo, es fuerte y como me dijo un sabio, \u201ccuando todo estalle, nadie querr\u00e1 estar en la zona de explosi\u00f3n contigo\u201d. Nos quedamos y sabemos que muchos de ustedes se quedan con nosotros. El apoyo interminable de la audiencia de Steelfest, los voluntarios, los artistas, el personal y el apoyo de la comunidad local, etc.<\/em><\/p>\n\n\n\n<p><em>Nuevamente, no culpamos a las bandas, sabemos que este es su trabajo y que sus agencias deciden gran parte de todo y que al final de cuentas, pesan m\u00e1s el dinero y la presi\u00f3n social. Sabemos que muchos no quieren cancelar pero tienen mucha presi\u00f3n de muchos lados.<\/em><\/p>\n\n\n\n<p><em>Steelfest ha dejado muy claro en el pasado que rechazamos cualquier movimiento pol\u00edtico o ideolog\u00eda racista que quiera tomar nuestra creaci\u00f3n como bandera.<\/em><\/p>\n\n\n\n<p><em>Somos objetivos y por ello, no vamos a elegir ning\u00fan bando ya que todos son igualmente repulsivos. No nos disculparemos nunca por nuestras elecciones art\u00edsticas pasadas, presentes y futuras.&#8221;<\/em><\/p>\n\n\n\n<figure class=\"wp-block-embed is-type-rich is-provider-facebook wp-block-embed-facebook\"><div class=\"wp-block-embed__wrapper\">\n<div id=\"fb-root\"><\/div><script async=\"1\" defer=\"1\" crossorigin=\"anonymous\" src=\"https:\/\/connect.facebook.net\/en_US\/sdk.js#xfbml=1&amp;version=v11.0\" nonce=\"cFv5LcHR\"><\/script><div class=\"fb-post\" data-href=\"https:\/\/www.facebook.com\/steelfestopenair\/photos\/a.1640379242849515\/2760622967491798\" data-width=\"750\"><blockquote cite=\"https:\/\/www.facebook.com\/steelfestopenair\/photos\/a.1640379242849515\/2760622967491798\/?type=3\" class=\"fb-xfbml-parse-ignore\"><p>Hello all!We have been contacted by some (not all) artist agencies\/managements, these agencies represent some of the&#8230;<\/p>Posted by <a href=\"https:\/\/www.facebook.com\/1558238367730270\" target=\"_blank\" rel=\"noopener\">Steelfest Open Air, Metal festival<\/a> on&nbsp;<a href=\"https:\/\/www.facebook.com\/steelfestopenair\/photos\/a.1640379242849515\/2760622967491798\/?type=3\" target=\"_blank\" rel=\"noopener\">Thursday, September 2, 2021<\/a><\/blockquote><\/div>\n<\/div><\/figure>","protected":false},"excerpt":{"rendered":"<p>El festival finland\u00e9s Steelfest Open Air, acus\u00f3 a varias agencias y artistas de presionarlos para cambiar su lineup anunciado, debido a que incluye &#8220;bandas non gratas&#8221;, o ellos cancelar\u00edan su participaci\u00f3n en el evento. Aunque los organizadores del evento no dieron nombres, se cree que el problema es a causa de la participaci\u00f3n de Satanic Warmaster y algunas m\u00e1s, quienes han sido acusados de tener ideolog\u00eda nazi, lo que les ha costado muchos problemas a lo largo de su carrera. [&hellip;]<\/p>\n","protected":false},"author":1,"featured_media":45641,"comment_status":"open","ping_status":"open","sticky":false,"template":"","format":"standard","meta":{"footnotes":""},"categories":[1324,1328,260],"tags":[3868],"class_list":["post-45634","post","type-post","status-publish","format-standard","has-post-thumbnail","hentry","category-europa","category-internacional-2","category-new","tag-steelfest-open-air"],"_links":{"self":[{"href":"https:\/\/summainferno.com\/en\/wp-json\/wp\/v2\/posts\/45634","targetHints":{"allow":["GET"]}}],"collection":[{"href":"https:\/\/summainferno.com\/en\/wp-json\/wp\/v2\/posts"}],"about":[{"href":"https:\/\/summainferno.com\/en\/wp-json\/wp\/v2\/types\/post"}],"author":[{"embeddable":true,"href":"https:\/\/summainferno.com\/en\/wp-json\/wp\/v2\/users\/1"}],"replies":[{"embeddable":true,"href":"https:\/\/summainferno.com\/en\/wp-json\/wp\/v2\/comments?post=45634"}],"version-history":[{"count":0,"href":"https:\/\/summainferno.com\/en\/wp-json\/wp\/v2\/posts\/45634\/revisions"}],"wp:featuredmedia":[{"embeddable":true,"href":"https:\/\/summainferno.com\/en\/wp-json\/wp\/v2\/media\/45641"}],"wp:attachment":[{"href":"https:\/\/summainferno.com\/en\/wp-json\/wp\/v2\/media?parent=45634"}],"wp:term":[{"taxonomy":"category","embeddable":true,"href":"https:\/\/summainferno.com\/en\/wp-json\/wp\/v2\/categories?post=45634"},{"taxonomy":"post_tag","embeddable":true,"href":"https:\/\/summainferno.com\/en\/wp-json\/wp\/v2\/tags?post=45634"}],"curies":[{"name":"wp","href":"https:\/\/api.w.org\/{rel}","templated":true}]}}