{"id":45440,"date":"2021-08-23T12:54:45","date_gmt":"2021-08-23T18:54:45","guid":{"rendered":"https:\/\/summainferno.com\/?p=45440"},"modified":"2021-08-23T12:56:04","modified_gmt":"2021-08-23T18:56:04","slug":"ve-los-horarios-oficiales-del-congreso-internacional-de-horror-y-metal-de-la-unam","status":"publish","type":"post","link":"https:\/\/summainferno.com\/en\/ve-los-horarios-oficiales-del-congreso-internacional-de-horror-y-metal-de-la-unam\/","title":{"rendered":"Ve los horarios oficiales del Congreso Internacional de Horror y Metal de la UNAM"},"content":{"rendered":"<p>The <strong>UNAM<\/strong> and the<strong> Museum HR Giger <\/strong>de Suiza lanzan las fechas y horarios del <strong>Congreso Internacional de Horror y Metal<\/strong> &#8211; A\u00f1o Cero para el pr\u00f3ximo 2, 3 y 4 de septiembre. <\/p>\n\n\n\n<p>Los horarios, en tiempo de la Ciudad de M\u00e9xico son: <\/p>\n\n\n\n<ul class=\"wp-block-list\"><li>Inauguraci\u00f3n el 2 de septiembre de 11:45 a 12:00 horas. <\/li><li>Conferencias de 12:00 a 14:00 horas (dos conferencias), y regresamos de 18:00 a 20:00 horas (dos conferencias). Este horario es v\u00e1lido para los tres d\u00edas. <\/li><\/ul>\n\n\n\n<p>Se dar\u00e1 a conocer el programa completo del congreso y los t\u00edtulos de las conferencias esta semana: Las personas que deseen obtener una constancia de asistencia pueden inscribirse en el enlace: <a href=\"https:\/\/bit.ly\/2WitYGt?fbclid=IwAR03E-m76k6bHQ5TgRT2VAF4jbsD9uaIB8LmhOyOrLAMRe7IMeKQGCqLTt8\" rel=\"noreferrer noopener\" target=\"_blank\">https:\/\/bit.ly\/2WitYGt<\/a> <\/p>\n\n\n\n<p>Todo el Congreso se transmitir\u00e1 \u00fanicamente por el Facebook del Seminario de Estudios Sobre Heavy Metal, y de forma simult\u00e1nea por las redes de <strong>Summa Inferno<\/strong>, <strong>Evilmusic<\/strong> and <strong>Luciferum Festival<\/strong> como medios autorizados. Est\u00e9n pendientes de m\u00e1s noticias del congreso por estas redes.<\/p>","protected":false},"excerpt":{"rendered":"<p>La UNAM y el Museum HR Giger de Suiza lanzan las fechas y horarios del Congreso Internacional de Horror y Metal &#8211; A\u00f1o Cero para el pr\u00f3ximo 2, 3 y 4 de septiembre. Los horarios, en tiempo de la Ciudad de M\u00e9xico son: Inauguraci\u00f3n el 2 de septiembre de 11:45 a 12:00 horas. Conferencias de 12:00 a 14:00 horas (dos conferencias), y regresamos de 18:00 a 20:00 horas (dos conferencias). Este horario es v\u00e1lido para los tres d\u00edas. Se dar\u00e1 [&hellip;]<\/p>\n","protected":false},"author":1,"featured_media":45441,"comment_status":"open","ping_status":"open","sticky":false,"template":"","format":"standard","meta":{"footnotes":""},"categories":[111,299,2707,260],"tags":[3857,3352],"class_list":["post-45440","post","type-post","status-publish","format-standard","has-post-thumbnail","hentry","category-destacado","category-extra","category-featured","category-new","tag-congreso-internacional-de-horror-y-metal","tag-unam"],"_links":{"self":[{"href":"https:\/\/summainferno.com\/en\/wp-json\/wp\/v2\/posts\/45440","targetHints":{"allow":["GET"]}}],"collection":[{"href":"https:\/\/summainferno.com\/en\/wp-json\/wp\/v2\/posts"}],"about":[{"href":"https:\/\/summainferno.com\/en\/wp-json\/wp\/v2\/types\/post"}],"author":[{"embeddable":true,"href":"https:\/\/summainferno.com\/en\/wp-json\/wp\/v2\/users\/1"}],"replies":[{"embeddable":true,"href":"https:\/\/summainferno.com\/en\/wp-json\/wp\/v2\/comments?post=45440"}],"version-history":[{"count":0,"href":"https:\/\/summainferno.com\/en\/wp-json\/wp\/v2\/posts\/45440\/revisions"}],"wp:featuredmedia":[{"embeddable":true,"href":"https:\/\/summainferno.com\/en\/wp-json\/wp\/v2\/media\/45441"}],"wp:attachment":[{"href":"https:\/\/summainferno.com\/en\/wp-json\/wp\/v2\/media?parent=45440"}],"wp:term":[{"taxonomy":"category","embeddable":true,"href":"https:\/\/summainferno.com\/en\/wp-json\/wp\/v2\/categories?post=45440"},{"taxonomy":"post_tag","embeddable":true,"href":"https:\/\/summainferno.com\/en\/wp-json\/wp\/v2\/tags?post=45440"}],"curies":[{"name":"wp","href":"https:\/\/api.w.org\/{rel}","templated":true}]}}