{"id":44651,"date":"2021-07-12T18:09:02","date_gmt":"2021-07-13T00:09:02","guid":{"rendered":"https:\/\/summainferno.com\/?p=44651"},"modified":"2021-07-12T18:09:03","modified_gmt":"2021-07-13T00:09:03","slug":"el-show-de-guns-nroses-en-guadalajara-tampoco-cuenta-con-autorizacion","status":"publish","type":"post","link":"https:\/\/summainferno.com\/en\/el-show-de-guns-nroses-en-guadalajara-tampoco-cuenta-con-autorizacion\/","title":{"rendered":"El show de Guns N&#8217;Roses en Guadalajara tampoco cuenta con autorizaci\u00f3n"},"content":{"rendered":"<p>Unos d\u00edas despu\u00e9s de que se dio a conocer que el show de <strong>Guns N&#8217; Roses<\/strong> in <strong>M\u00e9rida<\/strong> no tiene permiso para llevarse a cabo por la situaci\u00f3n del COVID-19, el gobierno de Jalisco a trav\u00e9s de <strong>Anna B\u00e1rbara Casillas<\/strong>, Coordinadora del Gabinete Social de Jalisco dio a conocer que el concierto anunciado para llevarse en el <strong>Estadio Akron<\/strong> of <strong>Guadalajara<\/strong> tampoco tiene autorizaci\u00f3n.<\/p>\n\n\n\n<p><em>&#8220;Nos lleg\u00f3 justamente la petici\u00f3n (del concierto) a la Mesa de Salud y la Mesa de Salud determin\u00f3 que no hab\u00eda condiciones en este momento para aprobarlo, entonces queda en stand by, pero es importante decir que por el momento no est\u00e1 autorizado\u201d<\/em>, confirm\u00f3 a trav\u00e9s de una conferencia de prensa esta ma\u00f1ana.<\/p>\n\n\n\n<p>Adem\u00e1s, el gobernador del estado, <strong>Enrique Alfaro<\/strong>, indic\u00f3 que por ahora no est\u00e1n permitidos los eventos que re\u00fanan a m\u00e1s de 600 personas, a excepci\u00f3n los que se lleven a cabo en Expo Guadalajara y que permitan a los asistentes seguir los lineamientos de seguridad sanitaria.<\/p>\n\n\n\n<figure class=\"wp-block-embed is-type-rich is-provider-twitter wp-block-embed-twitter\"><div class=\"wp-block-embed__wrapper\">\n<blockquote class=\"twitter-tweet\" data-width=\"550\" data-dnt=\"true\"><p lang=\"es\" dir=\"ltr\">Estamos <a href=\"https:\/\/twitter.com\/hashtag\/EnVivo?src=hash&amp;ref_src=twsrc%5Etfw\" target=\"_blank\" rel=\"noopener\">#EnVivo<\/a> para el corte semanal sobre los temas que m\u00e1s importan para las y los Jaliscienses, entre ellos, d\u00f3nde estamos parados ante la pandemia y qu\u00e9 sigue para Jalisco. Acomp\u00e1\u00f1anos: <a href=\"https:\/\/t.co\/fBNeMuTsse\">https:\/\/t.co\/fBNeMuTsse<\/a><\/p>&mdash; Enrique Alfaro (@EnriqueAlfaroR) <a href=\"https:\/\/twitter.com\/EnriqueAlfaroR\/status\/1414630510220005382?ref_src=twsrc%5Etfw\" target=\"_blank\" rel=\"noopener\">July 12, 2021<\/a><\/blockquote><script async src=\"https:\/\/platform.twitter.com\/widgets.js\" charset=\"utf-8\"><\/script>\n<\/div><\/figure>","protected":false},"excerpt":{"rendered":"<p>Unos d\u00edas despu\u00e9s de que se dio a conocer que el show de Guns N&#8217; Roses en M\u00e9rida no tiene permiso para llevarse a cabo por la situaci\u00f3n del COVID-19, el gobierno de Jalisco a trav\u00e9s de Anna B\u00e1rbara Casillas, Coordinadora del Gabinete Social de Jalisco dio a conocer que el concierto anunciado para llevarse en el Estadio Akron de Guadalajara tampoco tiene autorizaci\u00f3n. &#8220;Nos lleg\u00f3 justamente la petici\u00f3n (del concierto) a la Mesa de Salud y la Mesa de [&hellip;]<\/p>\n","protected":false},"author":1,"featured_media":29152,"comment_status":"open","ping_status":"open","sticky":false,"template":"","format":"standard","meta":{"footnotes":""},"categories":[375,260],"tags":[264],"class_list":["post-44651","post","type-post","status-publish","format-standard","has-post-thumbnail","hentry","category-hard-rock","category-new","tag-guns-n-roses"],"_links":{"self":[{"href":"https:\/\/summainferno.com\/en\/wp-json\/wp\/v2\/posts\/44651","targetHints":{"allow":["GET"]}}],"collection":[{"href":"https:\/\/summainferno.com\/en\/wp-json\/wp\/v2\/posts"}],"about":[{"href":"https:\/\/summainferno.com\/en\/wp-json\/wp\/v2\/types\/post"}],"author":[{"embeddable":true,"href":"https:\/\/summainferno.com\/en\/wp-json\/wp\/v2\/users\/1"}],"replies":[{"embeddable":true,"href":"https:\/\/summainferno.com\/en\/wp-json\/wp\/v2\/comments?post=44651"}],"version-history":[{"count":0,"href":"https:\/\/summainferno.com\/en\/wp-json\/wp\/v2\/posts\/44651\/revisions"}],"wp:featuredmedia":[{"embeddable":true,"href":"https:\/\/summainferno.com\/en\/wp-json\/wp\/v2\/media\/29152"}],"wp:attachment":[{"href":"https:\/\/summainferno.com\/en\/wp-json\/wp\/v2\/media?parent=44651"}],"wp:term":[{"taxonomy":"category","embeddable":true,"href":"https:\/\/summainferno.com\/en\/wp-json\/wp\/v2\/categories?post=44651"},{"taxonomy":"post_tag","embeddable":true,"href":"https:\/\/summainferno.com\/en\/wp-json\/wp\/v2\/tags?post=44651"}],"curies":[{"name":"wp","href":"https:\/\/api.w.org\/{rel}","templated":true}]}}