{"id":44639,"date":"2021-07-12T17:58:40","date_gmt":"2021-07-12T23:58:40","guid":{"rendered":"https:\/\/summainferno.com\/?p=44639"},"modified":"2021-07-12T17:58:40","modified_gmt":"2021-07-12T23:58:40","slug":"el-vocalista-de-igorrr-se-niega-a-vacunarse-la-banda-lo-despide","status":"publish","type":"post","link":"https:\/\/summainferno.com\/en\/el-vocalista-de-igorrr-se-niega-a-vacunarse-la-banda-lo-despide\/","title":{"rendered":"El vocalista de Igorrr se niega a vacunarse, la banda lo despide"},"content":{"rendered":"<p>El proyecto franc\u00e9s <strong>Igorrr<\/strong> anunci\u00f3 en sus redes sociales, que el vocalista <strong>Laurent Lenoir <\/strong>dejar\u00e1 de ser parte del proyecto, una vez que el cantante ha decidido no ser vacunado contra el COVID-19 y por lo cual, no podr\u00e1 viajar para cumplir con las fechas pactadas por la banda.<\/p>\n\n\n\n<blockquote class=\"wp-block-quote is-style-default is-layout-flow wp-block-quote-is-layout-flow\"><p>&#8220;<em>\u00a1Algunas actualizaciones para compartir con ustedes! \u00a1Estamos trabajando duro para todos los shows de verano en este momento! El COVID-10 no nos ayud\u00f3 mucho, por decir lo menos, pero esto nos llev\u00f3 a cambios muy positivos en la banda<\/em>.<\/p><p><em>Laurent decidi\u00f3 no vacunarse, seg\u00fan sus creencias personales. Aunque no estemos de acuerdo con \u00e9l, respetamos su decisi\u00f3n por supuesto, sin embargo esto tiene algunas consecuencias, en cuanto a su capacidad para viajar con nosotros principalmente y por lo tanto, para ser parte de la alineaci\u00f3n para el futuro. Para decirlo brevemente, Laurent ya no es parte del proyecto.<\/em><\/p><p><em>Adem\u00e1s, Laure nos inform\u00f3, despu\u00e9s de este extra\u00f1o &#8220;tiempo fuera&#8221; en nuestro viaje art\u00edstico, que quer\u00eda m\u00e1s tiempo para concentrarse en su vida privada y no se present\u00f3 en los ensayos. Sin embargo, la apoyamos plenamente. Por supuesto, estamos tristes de ver que una p\u00e1gina de Igorrr ha terminado y le deseamos lo mejor para el futuro, pero esto nos llev\u00f3 a la incre\u00edble noticia: damos la bienvenida a 3 nuevas personas incre\u00edbles en la banda.<\/em><\/p><p><em>Primero, la soprano griega.Aphrodite Patoulidou y JB Le Bail como nuestros nuevos vocalistas y finalmente Martyn Clement como nuestro guitarrista. Es tan desafiante como emocionante para nosotros presentar a nuestra audiencia esta nueva alineaci\u00f3n en vivo, donde tocaremos muchas canciones de nuestro \u00faltimo \u00e1lbum &#8220;Spirituality and Distortion&#8221;, adem\u00e1s, por supuesto, algunas buenas melod\u00edas de Igorrr. No puedo esperar a verte y gracias por tu apoyo todos estos a\u00f1os.<\/em><\/p><\/blockquote>\n\n\n\n<figure class=\"wp-block-embed is-type-rich is-provider-facebook wp-block-embed-facebook\"><div class=\"wp-block-embed__wrapper\">\n<div id=\"fb-root\"><\/div><script async=\"1\" defer=\"1\" crossorigin=\"anonymous\" src=\"https:\/\/connect.facebook.net\/en_US\/sdk.js#xfbml=1&amp;version=v11.0\" nonce=\"PRe5PBIH\"><\/script><div class=\"fb-post\" data-href=\"https:\/\/www.facebook.com\/100044467058152\/posts\/376889570469942\/\" data-width=\"750\"><blockquote cite=\"https:\/\/graph.facebook.com\/100044467058152\/posts\/376889570469942\/\" class=\"fb-xfbml-parse-ignore\"><p>Few updates to share with you ! We are working hard for all the summer shows at the moment! Covid didn&#039;t help us a lot,&#8230;<\/p>Posted by <a href=\"https:\/\/www.facebook.com\/IgorrrBarrroque\" target=\"_blank\" rel=\"noopener\">Igorrr<\/a> on&nbsp;<a href=\"https:\/\/graph.facebook.com\/100044467058152\/posts\/376889570469942\/\" target=\"_blank\" rel=\"noopener\">Monday, July 12, 2021<\/a><\/blockquote><\/div>\n<\/div><\/figure>","protected":false},"excerpt":{"rendered":"<p>El proyecto franc\u00e9s Igorrr anunci\u00f3 en sus redes sociales, que el vocalista Laurent Lenoir dejar\u00e1 de ser parte del proyecto, una vez que el cantante ha decidido no ser vacunado contra el COVID-19 y por lo cual, no podr\u00e1 viajar para cumplir con las fechas pactadas por la banda. &#8220;\u00a1Algunas actualizaciones para compartir con ustedes! \u00a1Estamos trabajando duro para todos los shows de verano en este momento! El COVID-10 no nos ayud\u00f3 mucho, por decir lo menos, pero esto nos [&hellip;]<\/p>\n","protected":false},"author":1,"featured_media":44640,"comment_status":"open","ping_status":"open","sticky":false,"template":"","format":"standard","meta":{"footnotes":""},"categories":[2095,260],"tags":[2022],"class_list":["post-44639","post","type-post","status-publish","format-standard","has-post-thumbnail","hentry","category-doom-metal","category-new","tag-igorrr"],"_links":{"self":[{"href":"https:\/\/summainferno.com\/en\/wp-json\/wp\/v2\/posts\/44639","targetHints":{"allow":["GET"]}}],"collection":[{"href":"https:\/\/summainferno.com\/en\/wp-json\/wp\/v2\/posts"}],"about":[{"href":"https:\/\/summainferno.com\/en\/wp-json\/wp\/v2\/types\/post"}],"author":[{"embeddable":true,"href":"https:\/\/summainferno.com\/en\/wp-json\/wp\/v2\/users\/1"}],"replies":[{"embeddable":true,"href":"https:\/\/summainferno.com\/en\/wp-json\/wp\/v2\/comments?post=44639"}],"version-history":[{"count":0,"href":"https:\/\/summainferno.com\/en\/wp-json\/wp\/v2\/posts\/44639\/revisions"}],"wp:featuredmedia":[{"embeddable":true,"href":"https:\/\/summainferno.com\/en\/wp-json\/wp\/v2\/media\/44640"}],"wp:attachment":[{"href":"https:\/\/summainferno.com\/en\/wp-json\/wp\/v2\/media?parent=44639"}],"wp:term":[{"taxonomy":"category","embeddable":true,"href":"https:\/\/summainferno.com\/en\/wp-json\/wp\/v2\/categories?post=44639"},{"taxonomy":"post_tag","embeddable":true,"href":"https:\/\/summainferno.com\/en\/wp-json\/wp\/v2\/tags?post=44639"}],"curies":[{"name":"wp","href":"https:\/\/api.w.org\/{rel}","templated":true}]}}