{"id":42880,"date":"2021-03-12T09:09:37","date_gmt":"2021-03-12T15:09:37","guid":{"rendered":"https:\/\/summainferno.com\/?p=42880"},"modified":"2021-03-12T09:09:39","modified_gmt":"2021-03-12T15:09:39","slug":"wacken-open-air-continua-en-2021-y-pide-unidad-con-los-otros-festivales","status":"publish","type":"post","link":"https:\/\/summainferno.com\/en\/wacken-open-air-continua-en-2021-y-pide-unidad-con-los-otros-festivales\/","title":{"rendered":"Wacken Open Air contin\u00faa en 2021 y pide unidad con los otros festivales"},"content":{"rendered":"<p>El festival de metal m\u00e1s famoso del planeta, <strong>Wacken Open Air<\/strong>, ha lanzado un comunicado a trav\u00e9s de sus redes sociales, donde dice que hasta el momento el festival sigue en pie en sus fechas originales y pide unidad a los fans y organizadores entorno a los eventos en estos momentos de dificultad.<\/p>\n\n\n\n<p><em>&#8220;Las \u00faltimas semanas y meses han demostrado una vez m\u00e1s cu\u00e1nto est\u00e1 unida la familia del metal. El incre\u00edble apoyo que muestras hacia todos nuestros festivales nos ha dado fuerza y \u200b\u200bcoraje en tiempos desafiantes y contin\u00faa haci\u00e9ndolo.<\/em><\/p>\n\n\n\n<p><em>Nosotros, los organizadores, tambi\u00e9n nos hemos acercado y nos hemos reunido en toda Alemania para un intercambio regular de ideas. Estamos unidos para llevar nuestros festivales a vivir de la mejor manera posible, en cuanto surja la oportunidad. \u00a1Y el verano de 2021 a\u00fan no est\u00e1 perdido! Puedes que se cancelen algunos festivales, les pedimos su solidaridad con los eventos afectados, porque esta solidaridad sigue siendo necesaria con urgencia.<\/em><\/p>\n\n\n\n<p><em>Una escena musical saludable necesita una variedad diversa de conciertos; por el momento, este sigue siendo el caso en Alemania. No importa si es mainstream o underground, nuestro panorama de festivales ofrece el escenario adecuado para cada banda y cada fan. Esto es muy importante, pero la pandemia amenaza enormemente esta diversidad.<\/em><\/p>\n\n\n\n<p><em>\u00a1Nosotros, como organizadores del festival, nos mantenemos unidos y esperamos contar con su apoyo continuo! Gracias por estar a nuestro lado, \u00a1sin ustedes no ser\u00edamos nada!<\/em>&#8220;<\/p>\n\n\n\n<figure class=\"wp-block-embed is-type-rich is-provider-facebook wp-block-embed-facebook\"><div class=\"wp-block-embed__wrapper\">\n<div id=\"fb-root\"><\/div><script async=\"1\" defer=\"1\" crossorigin=\"anonymous\" src=\"https:\/\/connect.facebook.net\/en_US\/sdk.js#xfbml=1&amp;version=v10.0\" nonce=\"qh9rryg8\"><\/script><div class=\"fb-post\" data-href=\"https:\/\/www.facebook.com\/WackenOpenAir.official\/photos\/a.213608248662778\/4375475425809352\/\" data-width=\"750\"><blockquote cite=\"https:\/\/www.facebook.com\/WackenOpenAir.official\/photos\/a.213608248662778\/4375475425809352\/?type=3\" class=\"fb-xfbml-parse-ignore\"><p>Dear fans, and friends of our festivals,&quot;In Union We Stand&quot; &#8211; the much-praised OVERKILL slogan is more relevant today&#8230;<\/p>Posted by <a href=\"https:\/\/www.facebook.com\/123515234338747\" target=\"_blank\" rel=\"noopener\">Wacken Open Air<\/a> on&nbsp;<a href=\"https:\/\/www.facebook.com\/WackenOpenAir.official\/photos\/a.213608248662778\/4375475425809352\/?type=3\" target=\"_blank\" rel=\"noopener\">Friday, March 12, 2021<\/a><\/blockquote><\/div>\n<\/div><\/figure>","protected":false},"excerpt":{"rendered":"<p>El festival de metal m\u00e1s famoso del planeta, Wacken Open Air, ha lanzado un comunicado a trav\u00e9s de sus redes sociales, donde dice que hasta el momento el festival sigue en pie en sus fechas originales y pide unidad a los fans y organizadores entorno a los eventos en estos momentos de dificultad. &#8220;Las \u00faltimas semanas y meses han demostrado una vez m\u00e1s cu\u00e1nto est\u00e1 unida la familia del metal. El incre\u00edble apoyo que muestras hacia todos nuestros festivales nos [&hellip;]<\/p>\n","protected":false},"author":1,"featured_media":26978,"comment_status":"open","ping_status":"open","sticky":false,"template":"","format":"standard","meta":{"footnotes":""},"categories":[1324,1328,260],"tags":[3188,1374],"class_list":["post-42880","post","type-post","status-publish","format-standard","has-post-thumbnail","hentry","category-europa","category-internacional-2","category-new","tag-3188","tag-wacken-open-air"],"_links":{"self":[{"href":"https:\/\/summainferno.com\/en\/wp-json\/wp\/v2\/posts\/42880","targetHints":{"allow":["GET"]}}],"collection":[{"href":"https:\/\/summainferno.com\/en\/wp-json\/wp\/v2\/posts"}],"about":[{"href":"https:\/\/summainferno.com\/en\/wp-json\/wp\/v2\/types\/post"}],"author":[{"embeddable":true,"href":"https:\/\/summainferno.com\/en\/wp-json\/wp\/v2\/users\/1"}],"replies":[{"embeddable":true,"href":"https:\/\/summainferno.com\/en\/wp-json\/wp\/v2\/comments?post=42880"}],"version-history":[{"count":0,"href":"https:\/\/summainferno.com\/en\/wp-json\/wp\/v2\/posts\/42880\/revisions"}],"wp:featuredmedia":[{"embeddable":true,"href":"https:\/\/summainferno.com\/en\/wp-json\/wp\/v2\/media\/26978"}],"wp:attachment":[{"href":"https:\/\/summainferno.com\/en\/wp-json\/wp\/v2\/media?parent=42880"}],"wp:term":[{"taxonomy":"category","embeddable":true,"href":"https:\/\/summainferno.com\/en\/wp-json\/wp\/v2\/categories?post=42880"},{"taxonomy":"post_tag","embeddable":true,"href":"https:\/\/summainferno.com\/en\/wp-json\/wp\/v2\/tags?post=42880"}],"curies":[{"name":"wp","href":"https:\/\/api.w.org\/{rel}","templated":true}]}}