{"id":42610,"date":"2021-03-07T16:09:48","date_gmt":"2021-03-07T22:09:48","guid":{"rendered":"https:\/\/summainferno.com\/?p=42610"},"modified":"2021-03-07T16:09:49","modified_gmt":"2021-03-07T22:09:49","slug":"corey-taylor-planea-una-gira-en-solitario-con-distanciamiento-social","status":"publish","type":"post","link":"https:\/\/summainferno.com\/en\/corey-taylor-planea-una-gira-en-solitario-con-distanciamiento-social\/","title":{"rendered":"Corey Taylor planea una gira en solitario con distanciamiento social"},"content":{"rendered":"<p>The singer of <strong>Slipknot<\/strong>, <strong>Corey Taylor<\/strong> ya est\u00e1 harto de esperar sin hacer nada en su casa y es por eso que planea irse de gira con la banda de su proyecto en solitario en pr\u00f3ximos meses, seg\u00fan platic\u00f3 en una entrevista con la estaci\u00f3n de radio <strong>98 KUPD<\/strong> de Arizona.<\/p>\n\n\n\n<p><em>&#8220;Ser\u00e1 una gira corta, aproximadamente unas tres semanas&#8221;<\/em>, He says <strong>Corey<\/strong>,<em> &#8220;En algunas de las ciudades en las que estaremos haremos dos shows por noche; ser\u00e1 algo con distancia social, por lo que habr\u00e1 separaciones entre las personas y si algunas personas van en grupo solo se permitir\u00e1 acercarse entre ellas. Habr\u00e1 term\u00f3metros en las entradas y tendr\u00e1s que mostrar una prueba negativa con un m\u00e1ximo de 48 horas o no podr\u00e1s entrar.&#8221;<\/em><\/p>\n\n\n\n<p>And continued,<em> &#8220;Estoy tratando de hacer que las cosas funcionen, no solo por mi, sino para aquellos que me importan. MI equipo necesita trabajar; mi esposa y sus bailarinas ya quieren regresar a los escenarios. As\u00ed que esto ser\u00e1 una prueba para ver si podemos regresar un poco a la normalidad, al menos hasta que la vacuna pueda hacer lo suyo.&#8221;<\/em><\/p>\n\n\n\n<div style=\"height:12px\" aria-hidden=\"true\" class=\"wp-block-spacer\"><\/div>\n\n\n\n<figure class=\"wp-block-embed is-type-video is-provider-youtube wp-block-embed-youtube wp-embed-aspect-16-9 wp-has-aspect-ratio\"><div class=\"wp-block-embed__wrapper\">\n<iframe class=\"zeen-lazy-load-base zeen-lazy-load\" title=\"Fitz Chats With Corey Taylor\" width=\"1200\" height=\"675\" src=\"about:blank\" data-lazy-src=\"https:\/\/www.youtube.com\/embed\/qqOXHVeghkw?feature=oembed\" frameborder=\"0\" allow=\"accelerometer; autoplay; clipboard-write; encrypted-media; gyroscope; picture-in-picture\" allowfullscreen><\/iframe><noscript><iframe title=\"Fitz Chats With Corey Taylor\" width=\"1200\" height=\"675\" src=\"https:\/\/www.youtube.com\/embed\/qqOXHVeghkw?feature=oembed\" frameborder=\"0\" allow=\"accelerometer; autoplay; clipboard-write; encrypted-media; gyroscope; picture-in-picture\" allowfullscreen><\/iframe><\/noscript>\n<\/div><\/figure>\n\n\n\n<div style=\"height:12px\" aria-hidden=\"true\" class=\"wp-block-spacer\"><\/div>\n\n\n\n<p><strong>Corey Taylor<\/strong>&nbsp;habl\u00f3 con&nbsp;<strong>Kerrang! Radio<\/strong>&nbsp;sobre lo planes de&nbsp;<strong>Slipknot<\/strong>&nbsp;para el futuro pr\u00f3ximo, del cual no da grandes detalles pero asegura que ser\u00e1n \u201cenormes\u201d.<\/p>\n\n\n\n<p><em>\u201cSlipknot se ir\u00e1 de gira por Estados Unidos a finales de septiembre. Eso es lo que est\u00e1 agendado. Y hasta este momento, nada de eso ha cambiado y eso que hablamos con el promotor de la gira (Live Nation) cada semana. Nos estamos actualizando sobre las distintas restricciones tanto a nivel estatal como a nivel federal. Obviamente, estamos vigilando todo y de ah\u00ed vamos decidiendo. Aparte de eso, en este momento se est\u00e1n gestando algunas cosas de las que no puedo hablar, pero que son enormes. Puedo adelantarles, que posiblemente lo demos a conocer el pr\u00f3ximo mes, vamos a decirlo de esa manera.\u201d<\/em><\/p>\n\n\n\n<p><strong>Slipknot<\/strong>\u00a0volver\u00e1 a M\u00e9xico el pr\u00f3ximo 4 de diciembre para cerrar el segundo d\u00eda del festival Hell and Heaven 2021 que se llevar\u00e1 a cabo en el Foro Pegaso de la ciudad de Toluca. Los boletos para el festival ya est\u00e1n disponibles.<\/p>","protected":false},"excerpt":{"rendered":"<p>El cantante de Slipknot, Corey Taylor ya est\u00e1 harto de esperar sin hacer nada en su casa y es por eso que planea irse de gira con la banda de su proyecto en solitario en pr\u00f3ximos meses, seg\u00fan platic\u00f3 en una entrevista con la estaci\u00f3n de radio 98 KUPD de Arizona. &#8220;Ser\u00e1 una gira corta, aproximadamente unas tres semanas&#8221;, dice Corey, &#8220;En algunas de las ciudades en las que estaremos haremos dos shows por noche; ser\u00e1 algo con distancia social, [&hellip;]<\/p>\n","protected":false},"author":1,"featured_media":36877,"comment_status":"open","ping_status":"open","sticky":false,"template":"","format":"standard","meta":{"footnotes":""},"categories":[260,442],"tags":[],"class_list":["post-42610","post","type-post","status-publish","format-standard","has-post-thumbnail","hentry","category-new","category-nu-metal"],"_links":{"self":[{"href":"https:\/\/summainferno.com\/en\/wp-json\/wp\/v2\/posts\/42610","targetHints":{"allow":["GET"]}}],"collection":[{"href":"https:\/\/summainferno.com\/en\/wp-json\/wp\/v2\/posts"}],"about":[{"href":"https:\/\/summainferno.com\/en\/wp-json\/wp\/v2\/types\/post"}],"author":[{"embeddable":true,"href":"https:\/\/summainferno.com\/en\/wp-json\/wp\/v2\/users\/1"}],"replies":[{"embeddable":true,"href":"https:\/\/summainferno.com\/en\/wp-json\/wp\/v2\/comments?post=42610"}],"version-history":[{"count":0,"href":"https:\/\/summainferno.com\/en\/wp-json\/wp\/v2\/posts\/42610\/revisions"}],"wp:featuredmedia":[{"embeddable":true,"href":"https:\/\/summainferno.com\/en\/wp-json\/wp\/v2\/media\/36877"}],"wp:attachment":[{"href":"https:\/\/summainferno.com\/en\/wp-json\/wp\/v2\/media?parent=42610"}],"wp:term":[{"taxonomy":"category","embeddable":true,"href":"https:\/\/summainferno.com\/en\/wp-json\/wp\/v2\/categories?post=42610"},{"taxonomy":"post_tag","embeddable":true,"href":"https:\/\/summainferno.com\/en\/wp-json\/wp\/v2\/tags?post=42610"}],"curies":[{"name":"wp","href":"https:\/\/api.w.org\/{rel}","templated":true}]}}