{"id":42436,"date":"2021-03-02T21:28:59","date_gmt":"2021-03-03T03:28:59","guid":{"rendered":"https:\/\/summainferno.com\/?p=42436"},"modified":"2021-03-02T21:31:09","modified_gmt":"2021-03-03T03:31:09","slug":"italia-destinara-otros-50-millones-de-euros-a-la-industria-de-la-musica","status":"publish","type":"post","link":"https:\/\/summainferno.com\/en\/italia-destinara-otros-50-millones-de-euros-a-la-industria-de-la-musica\/","title":{"rendered":"Italia destinar\u00e1 otros 50 millones de euros a la industria de la m\u00fasica"},"content":{"rendered":"\n<p>El fin de semana pasado, Italia presenci\u00f3 la iniciativa <strong><em>\u2018L\u2019Ultimo Concerto?\u2019<\/em><\/strong>, donde clubes, artistas y promotores de todo el pa\u00eds se unieron para concientizar de la importancia de la industria musical y el grave problema por el cual est\u00e1n pasando debido a las restricciones de la pandemia de COVID-19.<\/p>\n\n\n\n<p>Como respuesta a la movilizaci\u00f3n, el Ministro de Patrimonio y Actividades Culturales de Italia, <strong>Dario&nbsp;Franceschini<\/strong> ha confirmado que el gobierno escuch\u00f3 la petici\u00f3n y destinar\u00e1 un total de 50 millones de euros extra a la supervivencia de la industria, los cuales se distribuir\u00e1n entre artistas, sedes y empresarios de la siguiente manera: 10 millones para los organizadores, 15 para los clubes y 25 para los artistas.<\/p>\n\n\n\n<p><em>\u201cOtros 50 millones de euros para el apoyo de la m\u00fasica se suman a los enormes recursos asignados hasta ahora, que ascienden a m\u00e1s de mil millones de euros, para apoyar al sector del entretenimiento en vivo, uno que fue particularmente afectado por la pandemia.&nbsp;Desde el inicio de la emergencia sanitaria se ha dicho: hay que ayudar a este sector, que atraviesa una crisis dram\u00e1tica, hasta que vuelva por completo a la normalidad.&nbsp;Todos ellos representan a la creatividad italiana y merecen todos los apoyos.&#8221;<\/em><\/p>\n\n\n\n<p>[powerkit_posts]<\/p>\n\n\n\n<p>Los italianos&nbsp;<strong>Lacuna Coil<\/strong>&nbsp;se unieron al movimiento<strong><em>&nbsp;\u2018L\u2019Ultimo Concerto?\u2019<\/em><\/strong>, un movimiento formado para dar a conocer la grave crisis que la industria musical -en particular, los clubes y sedes de conciertos- tanto en Italia como en diversas partes del mundo.<\/p>\n\n\n\n<p>La banda encabezada por&nbsp;<strong>Cristina Scabbia<\/strong>&nbsp;y Andrea Ferro hab\u00edan anunciado un concierto virtual desde el escenario del &nbsp;<strong>Alcatraz-Milano<\/strong>; sin embargo, en vez de eso, los fans solo vieron salir a los m\u00fasicos al escenario para quedarse en total silencio.<\/p>\n\n\n\n<p><em>\u201cPara aquellos que nos ven desde todas partes del mundo, lamentamos que no hayan podido ver el concierto que esperaban. Nos quedamos en silencio, mostrando nuestro apoyo a la escena de la m\u00fasica en vivo. Desafortunadamente, los clubes Italia y el resto del mundo han estado cerrados durante un a\u00f1o y no hay se\u00f1ales de que vuelvan a abrir pronto. Creemos que deben recibir la debida atenci\u00f3n y reconocimiento, porque eso es lo que merecen: ser considerados como espacios culturales. Con suerte, esta iniciativa atraer\u00e1 la atenci\u00f3n de todos sobre su situaci\u00f3n incierta.\u201d<\/em>, escribi\u00f3 en un comunicado.<\/p>\n","protected":false},"excerpt":{"rendered":"<p>El fin de semana pasado, Italia presenci\u00f3 la iniciativa \u2018L\u2019Ultimo Concerto?\u2019, donde clubes, artistas y promotores de todo el pa\u00eds se unieron para concientizar de la importancia de la industria musical y el grave problema por el cual est\u00e1n pasando debido a las restricciones de la pandemia de COVID-19. Como respuesta a la movilizaci\u00f3n, el Ministro de Patrimonio y Actividades Culturales de Italia, Dario&nbsp;Franceschini ha confirmado que el gobierno escuch\u00f3 la petici\u00f3n y destinar\u00e1 un total de 50 millones de [&hellip;]<\/p>\n","protected":false},"author":1,"featured_media":42440,"comment_status":"open","ping_status":"open","sticky":false,"template":"","format":"standard","meta":{"footnotes":""},"categories":[1324,1328,260],"tags":[3129,3671],"class_list":["post-42436","post","type-post","status-publish","format-standard","has-post-thumbnail","hentry","category-europa","category-internacional-2","category-new","tag-covid-19","tag-italia"],"_links":{"self":[{"href":"https:\/\/summainferno.com\/en\/wp-json\/wp\/v2\/posts\/42436","targetHints":{"allow":["GET"]}}],"collection":[{"href":"https:\/\/summainferno.com\/en\/wp-json\/wp\/v2\/posts"}],"about":[{"href":"https:\/\/summainferno.com\/en\/wp-json\/wp\/v2\/types\/post"}],"author":[{"embeddable":true,"href":"https:\/\/summainferno.com\/en\/wp-json\/wp\/v2\/users\/1"}],"replies":[{"embeddable":true,"href":"https:\/\/summainferno.com\/en\/wp-json\/wp\/v2\/comments?post=42436"}],"version-history":[{"count":0,"href":"https:\/\/summainferno.com\/en\/wp-json\/wp\/v2\/posts\/42436\/revisions"}],"wp:featuredmedia":[{"embeddable":true,"href":"https:\/\/summainferno.com\/en\/wp-json\/wp\/v2\/media\/42440"}],"wp:attachment":[{"href":"https:\/\/summainferno.com\/en\/wp-json\/wp\/v2\/media?parent=42436"}],"wp:term":[{"taxonomy":"category","embeddable":true,"href":"https:\/\/summainferno.com\/en\/wp-json\/wp\/v2\/categories?post=42436"},{"taxonomy":"post_tag","embeddable":true,"href":"https:\/\/summainferno.com\/en\/wp-json\/wp\/v2\/tags?post=42436"}],"curies":[{"name":"wp","href":"https:\/\/api.w.org\/{rel}","templated":true}]}}