{"id":40218,"date":"2020-12-23T11:58:16","date_gmt":"2020-12-23T17:58:16","guid":{"rendered":"https:\/\/summainferno.com\/?p=40218"},"modified":"2020-12-23T11:58:17","modified_gmt":"2020-12-23T17:58:17","slug":"sepultura-tocara-junto-a-una-orquesta-en-rock-in-rio-2021","status":"publish","type":"post","link":"https:\/\/summainferno.com\/en\/sepultura-tocara-junto-a-una-orquesta-en-rock-in-rio-2021\/","title":{"rendered":"Sepultura tocar\u00e1 junto a una orquesta en Rock in Rio 2021"},"content":{"rendered":"<p><strong>Grave<\/strong>, la banda m\u00e1s grande en la historia del metal en Brasil, ofrecer\u00e1 un concierto muy especial en el primer d\u00eda del festival <strong>Rock in Rio<\/strong> en el cual ser\u00e1n acompa\u00f1ados por la <strong>Orquesta Sinf\u00f3nica Brasileira<\/strong>, la m\u00e1s importante de ese pa\u00eds. Juntos ofrecer\u00e1n un set de canciones muy bien escogidas y arregladas para la ocasi\u00f3n.<\/p>\n\n\n\n<p>En 2013, <strong>Grave<\/strong> hab\u00eda trabajado con el grupo franc\u00e9s de percusiones <strong>Les Tambours de Bronx<\/strong> e incluso grabaron un disco en vivo sobre aquella experiencia. En 2019 la banda puso en circulaci\u00f3n el video-sencillo de <em>&#8216;Isolation&#8217;<\/em>, el primero que editaron de su disco m\u00e1s reciente, <strong><em>Quadra<\/em><\/strong>, y ahora, para 2021, se aprestan a llevar el concepto sinf\u00f3nico a uno de los festivales m\u00e1s importantes del mundo.<\/p>\n\n\n\n<p><em>\u201cEstamos muy contentos y nos sentimos honrados de volver a participar en <strong>Rock In Rio<\/strong>, en el d\u00eda dedicado al metal y en esta ocasi\u00f3n con la <strong>Orquesta Sinf\u00f3nica de Brasil<\/strong>, la m\u00e1s grande del pa\u00eds y tambi\u00e9n la m\u00e1s poderosa. Tendremos un set realmente especial que combinar\u00e1 canciones de <strong>Grave<\/strong> especialmente arregladas y temas de compositores cl\u00e1sicos, tambi\u00e9n especialmente arreglados. Tocaremos tambi\u00e9n la canci\u00f3n \u2018<strong>Ludwig Van<\/strong>\u2019 que grabamos en el disco <strong>A-Lex<\/strong>. Ser\u00e1 una fant\u00e1stica oportunidad de hacer un concierto muy especial en <strong>Rock in Rio<\/strong> as\u00ed que esperamos verlo a todos ah\u00ed.&#8221;<\/em> comenta el guitarrista <strong>Andreas Kisser<\/strong>.<\/p>\n\n\n\n<p>Tambi\u00e9n se anunci\u00f3 apenas la gira <em>\u201cQuadra Europe 2021\u201d<\/em> que llevar\u00e1 a los brasile\u00f1os por las ciudades m\u00e1s importantes del Viejo Continente. Las bandas invitadas ser\u00e1n <strong>Sacred Reich<\/strong> and <strong>Crowbar<\/strong>, comenzar\u00e1n en Dinamarca el 4<strong> <\/strong>of<strong> <\/strong>noviembre y terminar\u00e1n en Pa\u00edses Bajos el 5 de diciembre, luego de tocar 23 conciertos.<\/p>","protected":false},"excerpt":{"rendered":"<p>Sepultura, la banda m\u00e1s grande en la historia del metal en Brasil, ofrecer\u00e1 un concierto muy especial en el primer d\u00eda del festival Rock in Rio en el cual ser\u00e1n acompa\u00f1ados por la Orquesta Sinf\u00f3nica Brasileira, la m\u00e1s importante de ese pa\u00eds. Juntos ofrecer\u00e1n un set de canciones muy bien escogidas y arregladas para la ocasi\u00f3n. En 2013, Sepultura hab\u00eda trabajado con el grupo franc\u00e9s de percusiones Les Tambours de Bronx e incluso grabaron un disco en vivo sobre aquella [&hellip;]<\/p>\n","protected":false},"author":1,"featured_media":31790,"comment_status":"open","ping_status":"open","sticky":false,"template":"","format":"standard","meta":{"footnotes":""},"categories":[260,620],"tags":[674],"class_list":["post-40218","post","type-post","status-publish","format-standard","has-post-thumbnail","hentry","category-new","category-thrash-metal","tag-sepultura"],"_links":{"self":[{"href":"https:\/\/summainferno.com\/en\/wp-json\/wp\/v2\/posts\/40218","targetHints":{"allow":["GET"]}}],"collection":[{"href":"https:\/\/summainferno.com\/en\/wp-json\/wp\/v2\/posts"}],"about":[{"href":"https:\/\/summainferno.com\/en\/wp-json\/wp\/v2\/types\/post"}],"author":[{"embeddable":true,"href":"https:\/\/summainferno.com\/en\/wp-json\/wp\/v2\/users\/1"}],"replies":[{"embeddable":true,"href":"https:\/\/summainferno.com\/en\/wp-json\/wp\/v2\/comments?post=40218"}],"version-history":[{"count":0,"href":"https:\/\/summainferno.com\/en\/wp-json\/wp\/v2\/posts\/40218\/revisions"}],"wp:featuredmedia":[{"embeddable":true,"href":"https:\/\/summainferno.com\/en\/wp-json\/wp\/v2\/media\/31790"}],"wp:attachment":[{"href":"https:\/\/summainferno.com\/en\/wp-json\/wp\/v2\/media?parent=40218"}],"wp:term":[{"taxonomy":"category","embeddable":true,"href":"https:\/\/summainferno.com\/en\/wp-json\/wp\/v2\/categories?post=40218"},{"taxonomy":"post_tag","embeddable":true,"href":"https:\/\/summainferno.com\/en\/wp-json\/wp\/v2\/tags?post=40218"}],"curies":[{"name":"wp","href":"https:\/\/api.w.org\/{rel}","templated":true}]}}