{"id":40074,"date":"2020-12-11T19:27:21","date_gmt":"2020-12-12T01:27:21","guid":{"rendered":"https:\/\/summainferno.com\/?p=40074"},"modified":"2020-12-11T19:27:22","modified_gmt":"2020-12-12T01:27:22","slug":"primal-fear-lanzara-sencillo-con-tarja-turunen-i-will-be-gone","status":"publish","type":"post","link":"https:\/\/summainferno.com\/en\/primal-fear-lanzara-sencillo-con-tarja-turunen-i-will-be-gone\/","title":{"rendered":"Primal Fear lanzar\u00e1 sencillo con Tarja Turunen, &#8216;I Will Be Gone&#8217;"},"content":{"rendered":"<p><strong><em>Metal Commando<\/em><\/strong>, el d\u00e9cimo tercer disco de <strong>Primal Fear<\/strong> ha sido sin duda alguna uno de los mejores que se han editado en 2020. El disco de los alemanes lleg\u00f3 en medio de la pandemia pero ha arrasado con todo a su paso. Los fans as\u00ed lo entendieron y lograron que el disco alcanzara algunas de las posiciones m\u00e1s altas en listas de ventas para la banda en diversos pa\u00edses en los ya m\u00e1s de <strong>20 de a\u00f1os de carrera<\/strong> que tienen. Esto incluy\u00f3 un lugar en el <strong>Top 10<\/strong> of <strong>Suiza<\/strong> (6), <strong>Germany<\/strong> (7), <strong>Jap\u00f3n<\/strong> (7), <strong>Finlandia<\/strong> (9) y <strong>Suecia<\/strong> (9) y muy buenos lugares en pa\u00edses como <strong>Austria<\/strong>, <strong>Espa\u00f1a<\/strong>, <strong>France<\/strong> and <strong>Estados Unidos<\/strong>.<\/p>\n\n\n\n<p>Sin embargo, la banda contin\u00faa explorando sus posibilidades y es por ello que el pr\u00f3ximo 9 de abril, lanzar\u00e1n una nueva versi\u00f3n de la balada<em> &#8216;I Will Be Gone&#8217;<\/em> en colaboraci\u00f3n con la ex-cantante de <strong>Nightwish<\/strong>, <strong>Tarja Turunen<\/strong>.<\/p>\n\n\n\n<p>El sencillo estar\u00e1 disponible el pr\u00f3ximo <strong>9 de abril<\/strong> en formatos <strong>CD Digipack<\/strong>, <strong>vinil en caja con forma de drag\u00f3n<\/strong> and <strong>vinil<\/strong> empaquetado de forma normal con opciones de colores que mezclan el morado y el negro y uno incluso en vinil rosa, adem\u00e1s de formato digital.<\/p>\n\n\n\n<p><em>\u201cTen\u00eda a tres famosas cantantes en mi lista navide\u00f1a final. El hecho de que fuera <strong>Tally<\/strong> la que se decidiera a trabajar con nosotros le gener\u00f3 a la banda una enorme alegr\u00eda. Todo el ambiente de trabajo entre ella y nosotros para grabar el tema y el video fue absolutamente profesional y amable. Fue tambi\u00e9n una gran experiencia porque la voz de <strong>Tally<\/strong> y la de <strong>Ralph<\/strong> se escuchan muy bien juntas. Ahora podemos expandir la saga de <strong>Metal Commando<\/strong> con un cap\u00edtulo \u00fanico. Estamos muy orgullosos del sencillo\u201d.<\/em> dice el bajista de Primal Fear, <strong>Mat Sinner<\/strong>.<\/p>\n\n\n\n<p>For his part, <strong>Tally<\/strong> tambi\u00e9n habl\u00f3 sobre la colaboraci\u00f3n: <em>\u201cDe entrada me puso muy feliz saber que los chicos de <strong>Primal Fear<\/strong> me invitaban a ser parte de su hermosa canci\u00f3n \u2018<strong>I Will Be Gone<\/strong>\u2019. Ellos y yo comenzamos nuestras carreras casi al mismo tiempo, hace ya algunos a\u00f1os, y finalmente se present\u00f3 la oportunidad de trabajar juntos. Yo amo esa canci\u00f3n, me permiti\u00f3 seguir conectada con el mundo del rock y sentirme viva, aunque solo fuera en el estudio. De verdad espero que a los fans les guste esta colaboraci\u00f3n y que les lleve algo de felicidad, especialmente en tiempos tan complicados como los que vivimos actualmente\u201d.<\/em><\/p>","protected":false},"excerpt":{"rendered":"<p>Metal Commando, el d\u00e9cimo tercer disco de Primal Fear ha sido sin duda alguna uno de los mejores que se han editado en 2020. El disco de los alemanes lleg\u00f3 en medio de la pandemia pero ha arrasado con todo a su paso. Los fans as\u00ed lo entendieron y lograron que el disco alcanzara algunas de las posiciones m\u00e1s altas en listas de ventas para la banda en diversos pa\u00edses en los ya m\u00e1s de 20 de a\u00f1os de carrera [&hellip;]<\/p>\n","protected":false},"author":1,"featured_media":33842,"comment_status":"open","ping_status":"open","sticky":false,"template":"","format":"standard","meta":{"footnotes":""},"categories":[260,1349],"tags":[1041,807],"class_list":["post-40074","post","type-post","status-publish","format-standard","has-post-thumbnail","hentry","category-new","category-power-metal","tag-primal-fear","tag-tarja-turunen"],"_links":{"self":[{"href":"https:\/\/summainferno.com\/en\/wp-json\/wp\/v2\/posts\/40074","targetHints":{"allow":["GET"]}}],"collection":[{"href":"https:\/\/summainferno.com\/en\/wp-json\/wp\/v2\/posts"}],"about":[{"href":"https:\/\/summainferno.com\/en\/wp-json\/wp\/v2\/types\/post"}],"author":[{"embeddable":true,"href":"https:\/\/summainferno.com\/en\/wp-json\/wp\/v2\/users\/1"}],"replies":[{"embeddable":true,"href":"https:\/\/summainferno.com\/en\/wp-json\/wp\/v2\/comments?post=40074"}],"version-history":[{"count":0,"href":"https:\/\/summainferno.com\/en\/wp-json\/wp\/v2\/posts\/40074\/revisions"}],"wp:featuredmedia":[{"embeddable":true,"href":"https:\/\/summainferno.com\/en\/wp-json\/wp\/v2\/media\/33842"}],"wp:attachment":[{"href":"https:\/\/summainferno.com\/en\/wp-json\/wp\/v2\/media?parent=40074"}],"wp:term":[{"taxonomy":"category","embeddable":true,"href":"https:\/\/summainferno.com\/en\/wp-json\/wp\/v2\/categories?post=40074"},{"taxonomy":"post_tag","embeddable":true,"href":"https:\/\/summainferno.com\/en\/wp-json\/wp\/v2\/tags?post=40074"}],"curies":[{"name":"wp","href":"https:\/\/api.w.org\/{rel}","templated":true}]}}