{"id":40068,"date":"2020-12-11T13:46:13","date_gmt":"2020-12-11T19:46:13","guid":{"rendered":"https:\/\/summainferno.com\/?p=40068"},"modified":"2020-12-11T13:46:15","modified_gmt":"2020-12-11T19:46:15","slug":"till-lindemann-y-david-garrett-estrenan-su-colaboracion-alle-tage-ist-kein-sonnteg","status":"publish","type":"post","link":"https:\/\/summainferno.com\/en\/till-lindemann-y-david-garrett-estrenan-su-colaboracion-alle-tage-ist-kein-sonnteg\/","title":{"rendered":"Till Lindemann y David Garrett estrenan su colaboraci\u00f3n, &#8216;Alle Tage ist kein Sonnteg&#8217;"},"content":{"rendered":"<p>Till Lindemann, l\u00edder de Rammstein y el reconocido violinista alem\u00e1n David Garrett, estrenaron el sencillo y video oficial del tema &#8216;Alle Tage ist kein Sonntag&#8217;, cover de la canci\u00f3n hom\u00f3nima original de 1922.<\/p>\n\n\n\n<p><em>\u2018Alle Tage ist kein Sonntag\u2019<\/em>\u00a0est\u00e1 disponible en formato CD y vinilo en color rojo. El video  es obra del director Zor\u00e1n Bihac, un viejo conocido de\u00a0<strong>Lindemann<\/strong>.<\/p>\n\n\n\n<p>Puedes adquirirlo a trav\u00e9s de la tienda oficial en l\u00ednea de Rammstein.<\/p>\n\n\n\n<div style=\"height:18px\" aria-hidden=\"true\" class=\"wp-block-spacer\"><\/div>\n\n\n\n<figure class=\"wp-block-embed is-type-video is-provider-youtube wp-block-embed-youtube wp-embed-aspect-16-9 wp-has-aspect-ratio\"><div class=\"wp-block-embed__wrapper\">\n<iframe class=\"zeen-lazy-load-base zeen-lazy-load\" title=\"Till Lindemann &amp; David Garrett - Alle Tage ist kein Sonntag (Official Video)\" width=\"1200\" height=\"675\" src=\"about:blank\" data-lazy-src=\"https:\/\/www.youtube.com\/embed\/bhwh44le3HY?feature=oembed\" frameborder=\"0\" allow=\"accelerometer; autoplay; clipboard-write; encrypted-media; gyroscope; picture-in-picture\" allowfullscreen><\/iframe><noscript><iframe title=\"Till Lindemann &amp; David Garrett - Alle Tage ist kein Sonntag (Official Video)\" width=\"1200\" height=\"675\" src=\"https:\/\/www.youtube.com\/embed\/bhwh44le3HY?feature=oembed\" frameborder=\"0\" allow=\"accelerometer; autoplay; clipboard-write; encrypted-media; gyroscope; picture-in-picture\" allowfullscreen><\/iframe><\/noscript>\n<\/div><\/figure>\n\n\n\n<div style=\"height:18px\" aria-hidden=\"true\" class=\"wp-block-spacer\"><\/div>\n\n\n\n<figure class=\"wp-block-image is-style-default\"><img decoding=\"async\" loading=\"lazy\" src=\"https:\/\/summainferno.com\/wp-content\/uploads\/2020\/11\/128425753_1747103232105969_5469319357317125191_n.jpg\" alt=\"128425753 1747103232105969 5469319357317125191 n\" title=\"\"><noscript><img decoding=\"async\" src=\"https:\/\/summainferno.com\/wp-content\/uploads\/2020\/11\/128425753_1747103232105969_5469319357317125191_n.jpg\" alt=\"128425753 1747103232105969 5469319357317125191 n\" title=\"\"><\/noscript><\/figure>","protected":false},"excerpt":{"rendered":"<p>Till Lindemann, l\u00edder de Rammstein y el reconocido violinista alem\u00e1n David Garrett, estrenaron el sencillo y video oficial del tema &#8216;Alle Tage ist kein Sonntag&#8217;, cover de la canci\u00f3n hom\u00f3nima original de 1922. \u2018Alle Tage ist kein Sonntag\u2019\u00a0est\u00e1 disponible en formato CD y vinilo en color rojo. El video es obra del director Zor\u00e1n Bihac, un viejo conocido de\u00a0Lindemann. Puedes adquirirlo a trav\u00e9s de la tienda oficial en l\u00ednea de Rammstein.<\/p>","protected":false},"author":1,"featured_media":40069,"comment_status":"open","ping_status":"open","sticky":false,"template":"","format":"standard","meta":{"footnotes":""},"categories":[111,260],"tags":[3501,278,496],"class_list":["post-40068","post","type-post","status-publish","format-standard","has-post-thumbnail","hentry","category-destacado","category-new","tag-david-garrett","tag-rammstein","tag-till-lindemann"],"_links":{"self":[{"href":"https:\/\/summainferno.com\/en\/wp-json\/wp\/v2\/posts\/40068","targetHints":{"allow":["GET"]}}],"collection":[{"href":"https:\/\/summainferno.com\/en\/wp-json\/wp\/v2\/posts"}],"about":[{"href":"https:\/\/summainferno.com\/en\/wp-json\/wp\/v2\/types\/post"}],"author":[{"embeddable":true,"href":"https:\/\/summainferno.com\/en\/wp-json\/wp\/v2\/users\/1"}],"replies":[{"embeddable":true,"href":"https:\/\/summainferno.com\/en\/wp-json\/wp\/v2\/comments?post=40068"}],"version-history":[{"count":0,"href":"https:\/\/summainferno.com\/en\/wp-json\/wp\/v2\/posts\/40068\/revisions"}],"wp:featuredmedia":[{"embeddable":true,"href":"https:\/\/summainferno.com\/en\/wp-json\/wp\/v2\/media\/40069"}],"wp:attachment":[{"href":"https:\/\/summainferno.com\/en\/wp-json\/wp\/v2\/media?parent=40068"}],"wp:term":[{"taxonomy":"category","embeddable":true,"href":"https:\/\/summainferno.com\/en\/wp-json\/wp\/v2\/categories?post=40068"},{"taxonomy":"post_tag","embeddable":true,"href":"https:\/\/summainferno.com\/en\/wp-json\/wp\/v2\/tags?post=40068"}],"curies":[{"name":"wp","href":"https:\/\/api.w.org\/{rel}","templated":true}]}}