{"id":38237,"date":"2020-08-28T11:49:57","date_gmt":"2020-08-28T17:49:57","guid":{"rendered":"https:\/\/summainferno.com\/?p=38237"},"modified":"2020-08-28T11:51:37","modified_gmt":"2020-08-28T17:51:37","slug":"ihsahn-hace-tributo-a-a-ha-en-su-nuevo-sencillo-manhattan-skyline","status":"publish","type":"post","link":"https:\/\/summainferno.com\/en\/ihsahn-hace-tributo-a-a-ha-en-su-nuevo-sencillo-manhattan-skyline\/","title":{"rendered":"Ihsahn hace tributo a A-ha en su nuevo sencillo, &#8216;Manhattan Skyline&#8217;"},"content":{"rendered":"<p><strong>Ihsahn<\/strong> ha vuelto a traspasar los l\u00edmites de la creaci\u00f3n sin restricciones, esta vez con el lanzamiento de su impactante sencillo \/ video tributo a los pioneros del pop noruego <strong>A-ha<\/strong>, <em>&#8216;Manhattan Skyline&#8217;<\/em>.<\/p>\n\n\n\n<p>La canci\u00f3n forma parte de <em><strong>&#8216;Pharos&#8217;<\/strong><\/em>, el nuevo EP del m\u00fasico y que estar\u00e1 disponible a partir del 11 de septiembre a trav\u00e9s de Candlelight Records. El sencillo incluye la participaci\u00f3n de <strong>Einar Solberg<\/strong>singer of&nbsp;<strong>Leprous<\/strong>.<\/p>\n\n\n\n<p><em>&#8220;Nunca quise ser un artista unidimensional y anclarme con esa imagen de black metal&#8221;<\/em>, explica el tambi\u00e9n l\u00edder de <strong>Emperor<\/strong>, <em>&#8220;Cuando cumpl\u00ed 40, dej\u00f3 de importarme. Pero si comienzas a tocar black metal cuando tienes 16, no es porque quieras ser el favorito de todos.&#8221;<\/em><\/p>\n\n\n\n<div style=\"height:25px\" aria-hidden=\"true\" class=\"wp-block-spacer\"><\/div>\n\n\n\n<figure class=\"wp-block-embed-youtube wp-block-embed is-type-video is-provider-youtube wp-embed-aspect-16-9 wp-has-aspect-ratio\"><div class=\"wp-block-embed__wrapper\">\n<iframe class=\"zeen-lazy-load-base zeen-lazy-load\" title=\"Ihsahn - Manhattan Skyline ft. Einar Solberg\" width=\"1200\" height=\"675\" src=\"about:blank\" data-lazy-src=\"https:\/\/www.youtube.com\/embed\/TM_8PCvvz40?feature=oembed\" frameborder=\"0\" allow=\"accelerometer; autoplay; clipboard-write; encrypted-media; gyroscope; picture-in-picture\" allowfullscreen><\/iframe><noscript><iframe title=\"Ihsahn - Manhattan Skyline ft. Einar Solberg\" width=\"1200\" height=\"675\" src=\"https:\/\/www.youtube.com\/embed\/TM_8PCvvz40?feature=oembed\" frameborder=\"0\" allow=\"accelerometer; autoplay; clipboard-write; encrypted-media; gyroscope; picture-in-picture\" allowfullscreen><\/iframe><\/noscript>\n<\/div><\/figure>\n\n\n\n<div style=\"height:37px\" aria-hidden=\"true\" class=\"wp-block-spacer\"><\/div>\n\n\n\n<p><em>&#8216;Manhattan Skyline&#8217;<\/em> fue lanzado originalmente por A-ha en 1986 y alcanz\u00f3 el n\u00famero 13 en la lista de popularidad del Reino Unido. Con su nueva versi\u00f3n, <strong>Ihsahn<\/strong> ha producido un tributo delicado pero fiel al original, combinando un verso suave similar a una balada que explota en un coro de rock grandilocuente, con toda la grandeza melodram\u00e1tica del tema original.<\/p>\n\n\n\n<p>Dirigido y filmado por <strong>Troll Toftenes<\/strong>, el video muestra a <strong>Ihsahn<\/strong> en su forma m\u00e1s apasionada. Con el impresionante paisaje de Noruega como tel\u00f3n de fondo, <strong>Ihsahn<\/strong> toca su guitarra Aristides T \/ 0 Lilac Pearl Satin sobre<em> <\/em>un atardecer en<em> Gaustatoppen<\/em>, la monta\u00f1a m\u00e1s alta de aquel pa\u00eds, mientras la voz de <strong>Solberg<\/strong> se eleva a niveles de brillantez dignas de otro mundo.<\/p>\n\n\n\n<div style=\"height:30px\" aria-hidden=\"true\" class=\"wp-block-spacer\"><\/div>\n\n\n\n<figure class=\"wp-block-image size-large is-style-default\"><img decoding=\"async\" width=\"974\" height=\"974\" loading=\"lazy\" src=\"https:\/\/summainferno.com\/wp-content\/uploads\/2020\/08\/2-2.png\" alt=\"\" class=\"wp-image-38238\" title=\"\" srcset=\"https:\/\/summainferno.com\/wp-content\/uploads\/2020\/08\/2-2.png 974w, https:\/\/summainferno.com\/wp-content\/uploads\/2020\/08\/2-2-300x300.png 300w, https:\/\/summainferno.com\/wp-content\/uploads\/2020\/08\/2-2-150x150.png 150w, https:\/\/summainferno.com\/wp-content\/uploads\/2020\/08\/2-2-768x768.png 768w, https:\/\/summainferno.com\/wp-content\/uploads\/2020\/08\/2-2-24x24.png 24w, https:\/\/summainferno.com\/wp-content\/uploads\/2020\/08\/2-2-48x48.png 48w, https:\/\/summainferno.com\/wp-content\/uploads\/2020\/08\/2-2-96x96.png 96w\" sizes=\"auto, (max-width: 974px) 100vw, 974px\" \/><noscript><img decoding=\"async\" width=\"974\" height=\"974\" src=\"https:\/\/summainferno.com\/wp-content\/uploads\/2020\/08\/2-2.png\" alt=\"\" class=\"wp-image-38238\" title=\"\" srcset=\"https:\/\/summainferno.com\/wp-content\/uploads\/2020\/08\/2-2.png 974w, https:\/\/summainferno.com\/wp-content\/uploads\/2020\/08\/2-2-300x300.png 300w, https:\/\/summainferno.com\/wp-content\/uploads\/2020\/08\/2-2-150x150.png 150w, https:\/\/summainferno.com\/wp-content\/uploads\/2020\/08\/2-2-768x768.png 768w, https:\/\/summainferno.com\/wp-content\/uploads\/2020\/08\/2-2-24x24.png 24w, https:\/\/summainferno.com\/wp-content\/uploads\/2020\/08\/2-2-48x48.png 48w, https:\/\/summainferno.com\/wp-content\/uploads\/2020\/08\/2-2-96x96.png 96w\" sizes=\"(max-width: 974px) 100vw, 974px\" \/><\/noscript><\/figure>","protected":false},"excerpt":{"rendered":"<p>Ihsahn ha vuelto a traspasar los l\u00edmites de la creaci\u00f3n sin restricciones, esta vez con el lanzamiento de su impactante sencillo \/ video tributo a los pioneros del pop noruego A-ha, &#8216;Manhattan Skyline&#8217;. La canci\u00f3n forma parte de &#8216;Pharos&#8217;, el nuevo EP del m\u00fasico y que estar\u00e1 disponible a partir del 11 de septiembre a trav\u00e9s de Candlelight Records. El sencillo incluye la participaci\u00f3n de Einar Solberg, cantante de&nbsp;Leprous. &#8220;Nunca quise ser un artista unidimensional y anclarme con esa imagen [&hellip;]<\/p>\n","protected":false},"author":1,"featured_media":38239,"comment_status":"open","ping_status":"open","sticky":false,"template":"","format":"standard","meta":{"footnotes":""},"categories":[111,260,458],"tags":[1464],"class_list":["post-38237","post","type-post","status-publish","format-standard","has-post-thumbnail","hentry","category-destacado","category-new","category-progresivo","tag-ihsahn"],"_links":{"self":[{"href":"https:\/\/summainferno.com\/en\/wp-json\/wp\/v2\/posts\/38237","targetHints":{"allow":["GET"]}}],"collection":[{"href":"https:\/\/summainferno.com\/en\/wp-json\/wp\/v2\/posts"}],"about":[{"href":"https:\/\/summainferno.com\/en\/wp-json\/wp\/v2\/types\/post"}],"author":[{"embeddable":true,"href":"https:\/\/summainferno.com\/en\/wp-json\/wp\/v2\/users\/1"}],"replies":[{"embeddable":true,"href":"https:\/\/summainferno.com\/en\/wp-json\/wp\/v2\/comments?post=38237"}],"version-history":[{"count":0,"href":"https:\/\/summainferno.com\/en\/wp-json\/wp\/v2\/posts\/38237\/revisions"}],"wp:featuredmedia":[{"embeddable":true,"href":"https:\/\/summainferno.com\/en\/wp-json\/wp\/v2\/media\/38239"}],"wp:attachment":[{"href":"https:\/\/summainferno.com\/en\/wp-json\/wp\/v2\/media?parent=38237"}],"wp:term":[{"taxonomy":"category","embeddable":true,"href":"https:\/\/summainferno.com\/en\/wp-json\/wp\/v2\/categories?post=38237"},{"taxonomy":"post_tag","embeddable":true,"href":"https:\/\/summainferno.com\/en\/wp-json\/wp\/v2\/tags?post=38237"}],"curies":[{"name":"wp","href":"https:\/\/api.w.org\/{rel}","templated":true}]}}