{"id":38125,"date":"2020-08-25T17:46:56","date_gmt":"2020-08-25T23:46:56","guid":{"rendered":"https:\/\/summainferno.com\/?p=38125"},"modified":"2020-08-25T17:48:15","modified_gmt":"2020-08-25T23:48:15","slug":"ve-el-primer-vistazo-al-nuevo-documental-sobre-ozzy-osbourne","status":"publish","type":"post","link":"https:\/\/summainferno.com\/en\/ve-el-primer-vistazo-al-nuevo-documental-sobre-ozzy-osbourne\/","title":{"rendered":"Ve el primer adelanto del nuevo documental sobre Ozzy Osbourne"},"content":{"rendered":"<p>Un primer vistazo al documental <a href=\"https:\/\/summainferno.com\/ve-el-trailer-del-documental-the-nine-lives-of-ozzy-osbourne\/\" class=\"rank-math-link\"><strong><em>&#8216;The Nine Lives of Ozzy Osbourne&#8217;<\/em><\/strong><\/a> ha sido liberado por el ex-Black Sabbath a trav\u00e9s de sus redes sociales.<\/p>\n\n\n\n<p>En poco m\u00e1s de dos minutos, el cantante habla sobre su infancia, sus adicciones y por supuesto, su carrera musical. Puedes ver el video a continuaci\u00f3n.<\/p>\n\n\n\n<p><strong><em><a href=\"https:\/\/summainferno.com\/ve-el-trailer-del-documental-the-nine-lives-of-ozzy-osbourne\/\">&#8216;The Nine Lives of Ozzy Osbourne&#8217;<\/a><\/em><\/strong> se estrenar\u00e1 el 7 de septiembre a trav\u00e9s de la se\u00f1al de A&amp;E.<\/p>\n\n\n\n<div style=\"height:38px\" aria-hidden=\"true\" class=\"wp-block-spacer\"><\/div>\n\n\n\n<figure class=\"wp-block-embed-facebook wp-block-embed is-type-video is-provider-facebook\"><div class=\"wp-block-embed__wrapper\">\n<div id=\"fb-root\"><\/div><script async=\"1\" defer=\"1\" crossorigin=\"anonymous\" src=\"https:\/\/connect.facebook.net\/en_US\/sdk.js#xfbml=1&amp;version=v9.0\" nonce=\"jd9V4hu0\"><\/script><div class=\"fb-video\" data-href=\"https:\/\/www.facebook.com\/ozzyosbourne\/videos\/811753242900095\/?t=2\" data-width=\"1200\"><blockquote cite=\"https:\/\/www.facebook.com\/ozzyosbourne\/videos\/811753242900095\/\" class=\"fb-xfbml-parse-ignore\"><a href=\"https:\/\/www.facebook.com\/ozzyosbourne\/videos\/811753242900095\/\" target=\"_blank\" rel=\"noopener\">FIRST LOOK<\/a><p>\u201cBiography: The Nine Lives of #Ozzy Osbourne\u201d premiers Monday Sept 7th on A&amp;E!<\/p>Posted by <a href=\"https:\/\/www.facebook.com\/5461947317\" target=\"_blank\" rel=\"noopener\">Ozzy Osbourne<\/a> on Monday, August 24, 2020<\/blockquote><\/div>\n<\/div><\/figure>\n\n\n\n<div style=\"height:38px\" aria-hidden=\"true\" class=\"wp-block-spacer\"><\/div>\n\n\n\n<p><strong><em>&#039;Biography: The Nine Lives Of Ozzy Osbourne&#039;<\/em><\/strong>&nbsp;It portrays the life of the legendary English musician and was produced by Ozzy himself along with his manager and wife Sharon, as well as the director&nbsp;<strong>R. Greg Johnston<\/strong>&nbsp;who was in charge of&nbsp;<em>&#039;The Osbournes&#039;<\/em>.<\/p>\n\n\n\n<p>In addition to plenty of unreleased material, the material will include interviews with the producer&nbsp;<strong>Rick Rubin<\/strong>,&nbsp;<strong>Ice-T<\/strong>,&nbsp;<strong>Marilyn Manson<\/strong>,&nbsp;<strong>Rob Zombie<\/strong>,&nbsp;<strong>Jonathan Davis<\/strong>&nbsp;and the rapper&nbsp;<strong>Post Malone<\/strong>&nbsp;con quien Ozzy colabor\u00f3 el a\u00f1o pasado.<\/p>","protected":false},"excerpt":{"rendered":"<p>Un primer vistazo al documental &#8216;The Nine Lives of Ozzy Osbourne&#8217; ha sido liberado por el ex-Black Sabbath a trav\u00e9s de sus redes sociales. En poco m\u00e1s de dos minutos, el cantante habla sobre su infancia, sus adicciones y por supuesto, su carrera musical. Puedes ver el video a continuaci\u00f3n. &#8216;The Nine Lives of Ozzy Osbourne&#8217; se estrenar\u00e1 el 7 de septiembre a trav\u00e9s de la se\u00f1al de A&amp;E. \u2018Biography: The Nine Lives Of Ozzy Osbourne\u2019&nbsp;retrata la vida del m\u00edtico [&hellip;]<\/p>\n","protected":false},"author":1,"featured_media":38126,"comment_status":"open","ping_status":"open","sticky":false,"template":"","format":"standard","meta":{"footnotes":""},"categories":[111,171,260],"tags":[582,487],"class_list":["post-38125","post","type-post","status-publish","format-standard","has-post-thumbnail","hentry","category-destacado","category-heavy-metal","category-new","tag-black-sabbath","tag-ozzy-osbourne"],"_links":{"self":[{"href":"https:\/\/summainferno.com\/en\/wp-json\/wp\/v2\/posts\/38125","targetHints":{"allow":["GET"]}}],"collection":[{"href":"https:\/\/summainferno.com\/en\/wp-json\/wp\/v2\/posts"}],"about":[{"href":"https:\/\/summainferno.com\/en\/wp-json\/wp\/v2\/types\/post"}],"author":[{"embeddable":true,"href":"https:\/\/summainferno.com\/en\/wp-json\/wp\/v2\/users\/1"}],"replies":[{"embeddable":true,"href":"https:\/\/summainferno.com\/en\/wp-json\/wp\/v2\/comments?post=38125"}],"version-history":[{"count":0,"href":"https:\/\/summainferno.com\/en\/wp-json\/wp\/v2\/posts\/38125\/revisions"}],"wp:featuredmedia":[{"embeddable":true,"href":"https:\/\/summainferno.com\/en\/wp-json\/wp\/v2\/media\/38126"}],"wp:attachment":[{"href":"https:\/\/summainferno.com\/en\/wp-json\/wp\/v2\/media?parent=38125"}],"wp:term":[{"taxonomy":"category","embeddable":true,"href":"https:\/\/summainferno.com\/en\/wp-json\/wp\/v2\/categories?post=38125"},{"taxonomy":"post_tag","embeddable":true,"href":"https:\/\/summainferno.com\/en\/wp-json\/wp\/v2\/tags?post=38125"}],"curies":[{"name":"wp","href":"https:\/\/api.w.org\/{rel}","templated":true}]}}