{"id":37821,"date":"2020-08-19T10:08:13","date_gmt":"2020-08-19T16:08:13","guid":{"rendered":"https:\/\/summainferno.com\/?p=37821"},"modified":"2020-08-19T10:16:53","modified_gmt":"2020-08-19T16:16:53","slug":"corey-taylor-estrena-video-de-black-eyes-blue","status":"publish","type":"post","link":"https:\/\/summainferno.com\/en\/corey-taylor-estrena-video-de-black-eyes-blue\/","title":{"rendered":"Corey Taylor estrena video de &#8220;Black Eyes Blue&#8221; de su primer material como solista"},"content":{"rendered":"\n<p><strong>Corey Taylo<\/strong>r, vocalista y l\u00edder de <em><strong>Slipknot<\/strong><\/em>, ha hecho entrega de un nuevo track, previo al lanzamiento de su primer material como solista.<\/p>\n\n\n\n<p>El nuevo sencillo llamado <em><strong>&#8220;Black Eyes Blue&#8221;<\/strong><\/em>, cuenta con un video oficial, dirigido por <em>DJay Brawner<\/em>, en donde apreciamos a Taylor como protagonista del mismo, en una interesante secuencia visual, y puedes verlo aqu\u00ed:<\/p>\n\n\n\n<figure class=\"wp-block-embed-youtube wp-block-embed is-type-video is-provider-youtube wp-embed-aspect-16-9 wp-has-aspect-ratio\"><div class=\"wp-block-embed__wrapper\">\n<iframe class=\"zeen-lazy-load-base zeen-lazy-load\" title=\"Corey Taylor - Black Eyes Blue [OFFICIAL VIDEO]\" width=\"1200\" height=\"675\" src=\"about:blank\" data-lazy-src=\"https:\/\/www.youtube.com\/embed\/og1RMTP2fYk?feature=oembed\" frameborder=\"0\" allow=\"accelerometer; autoplay; clipboard-write; encrypted-media; gyroscope; picture-in-picture\" allowfullscreen><\/iframe><noscript><iframe title=\"Corey Taylor - Black Eyes Blue [OFFICIAL VIDEO]\" width=\"1200\" height=\"675\" src=\"https:\/\/www.youtube.com\/embed\/og1RMTP2fYk?feature=oembed\" frameborder=\"0\" allow=\"accelerometer; autoplay; clipboard-write; encrypted-media; gyroscope; picture-in-picture\" allowfullscreen><\/iframe><\/noscript>\n<\/div><\/figure>\n\n\n\n<p>El \u00e1lbum, que llevar\u00e1 por nombre <strong>CMFT<\/strong>&nbsp;<em><strong>(Corey Mother Fucking Taylor)<\/strong><\/em>&nbsp;se estrenar\u00e1 el pr\u00f3ximo 2 de octubre, v\u00eda <strong>Roadrunner Records<\/strong>.<\/p>\n\n\n\n<figure class=\"wp-block-image size-large\"><img decoding=\"async\" width=\"906\" height=\"717\" loading=\"lazy\" src=\"https:\/\/summainferno.com\/wp-content\/uploads\/2020\/08\/CMFT.jpg\" alt=\"\" class=\"wp-image-38008\" title=\"\" srcset=\"https:\/\/summainferno.com\/wp-content\/uploads\/2020\/08\/CMFT.jpg 906w, https:\/\/summainferno.com\/wp-content\/uploads\/2020\/08\/CMFT-300x237.jpg 300w, https:\/\/summainferno.com\/wp-content\/uploads\/2020\/08\/CMFT-768x608.jpg 768w\" sizes=\"auto, (max-width: 906px) 100vw, 906px\" \/><noscript><img decoding=\"async\" width=\"906\" height=\"717\" src=\"https:\/\/summainferno.com\/wp-content\/uploads\/2020\/08\/CMFT.jpg\" alt=\"\" class=\"wp-image-38008\" title=\"\" srcset=\"https:\/\/summainferno.com\/wp-content\/uploads\/2020\/08\/CMFT.jpg 906w, https:\/\/summainferno.com\/wp-content\/uploads\/2020\/08\/CMFT-300x237.jpg 300w, https:\/\/summainferno.com\/wp-content\/uploads\/2020\/08\/CMFT-768x608.jpg 768w\" sizes=\"(max-width: 906px) 100vw, 906px\" \/><\/noscript><\/figure>\n\n\n\n<p>La preventa est\u00e1 activa en el sitio oficial del cantante, en donde se puede adquirir diversa mercanc\u00eda, as\u00ed como la edici\u00f3n limitada en vinyl, visita ahora&nbsp;<a rel=\"noreferrer noopener\" href=\"https:\/\/www.thecoreytaylor.com\/\" target=\"_blank\" class=\"rank-math-link\">thecoreytaylor.com<\/a><\/p>\n","protected":false},"excerpt":{"rendered":"<p>Corey Taylor estrena video de &#8220;Black Eyes Blue&#8221; de su primer material solista.<\/p>","protected":false},"author":13,"featured_media":38010,"comment_status":"open","ping_status":"open","sticky":false,"template":"","format":"standard","meta":{"footnotes":""},"categories":[260],"tags":[602,2662,603,2661],"class_list":["post-37821","post","type-post","status-publish","format-standard","has-post-thumbnail","hentry","category-new","tag-corey-taylor","tag-estreno","tag-slipknot","tag-solista"],"_links":{"self":[{"href":"https:\/\/summainferno.com\/en\/wp-json\/wp\/v2\/posts\/37821","targetHints":{"allow":["GET"]}}],"collection":[{"href":"https:\/\/summainferno.com\/en\/wp-json\/wp\/v2\/posts"}],"about":[{"href":"https:\/\/summainferno.com\/en\/wp-json\/wp\/v2\/types\/post"}],"author":[{"embeddable":true,"href":"https:\/\/summainferno.com\/en\/wp-json\/wp\/v2\/users\/13"}],"replies":[{"embeddable":true,"href":"https:\/\/summainferno.com\/en\/wp-json\/wp\/v2\/comments?post=37821"}],"version-history":[{"count":0,"href":"https:\/\/summainferno.com\/en\/wp-json\/wp\/v2\/posts\/37821\/revisions"}],"wp:featuredmedia":[{"embeddable":true,"href":"https:\/\/summainferno.com\/en\/wp-json\/wp\/v2\/media\/38010"}],"wp:attachment":[{"href":"https:\/\/summainferno.com\/en\/wp-json\/wp\/v2\/media?parent=37821"}],"wp:term":[{"taxonomy":"category","embeddable":true,"href":"https:\/\/summainferno.com\/en\/wp-json\/wp\/v2\/categories?post=37821"},{"taxonomy":"post_tag","embeddable":true,"href":"https:\/\/summainferno.com\/en\/wp-json\/wp\/v2\/tags?post=37821"}],"curies":[{"name":"wp","href":"https:\/\/api.w.org\/{rel}","templated":true}]}}