{"id":36867,"date":"2020-07-05T13:11:13","date_gmt":"2020-07-05T19:11:13","guid":{"rendered":"https:\/\/summainferno.com\/?p=36867"},"modified":"2020-07-05T13:11:15","modified_gmt":"2020-07-05T19:11:15","slug":"pain-of-salvation-anuncia-la-salida-del-bajista-gustaf-hielm","status":"publish","type":"post","link":"https:\/\/summainferno.com\/en\/pain-of-salvation-anuncia-la-salida-del-bajista-gustaf-hielm\/","title":{"rendered":"Pain Of Salvation announces the departure of bassist Gustaf Hielm"},"content":{"rendered":"<p>Los suecos progresivos <strong>Pain of Salvation<\/strong> han hecho oficial la salida del bajista Gustaf Hielm, la cual se realiza de forma amistosa y debido a problemas de agenda del m\u00fasico y su imposibilidad de mezclar su tiempo con la banda y su empleo formal.<\/p>\n\n\n\n<p>Hielm escribi\u00f3 un comunicado para informar su salida y decirle adi\u00f3s a los fans.<\/p>\n\n\n\n<p><em>&#8220;\u00a1Hola, amigos! Estoy muy emocionado por el nuevo lanzamiento, pero igual muy triste por tener que darles la noticia de que despu\u00e9s de ocho a\u00f1os, he decidido bajarme del barco de Pain of Salvation.<\/em><\/p>\n\n\n\n<p><em>Como todos saben, esta no fue una decisi\u00f3n f\u00e1cil de tomar, pero s\u00ed necesaria. El oto\u00f1o pasado, despu\u00e9s de a\u00f1os de hacer malabares para mezclar un trabajo a tiempo completo, la banda y una carrera como m\u00fasico de sesi\u00f3n, estuve a punto del agotamiento total, as\u00ed que tengo que pisar el freno antes de estrellarme con una pared. Estoy feliz de decir que fue lo correcto y me siento mucho mejor hoy, gracias por preguntar.<\/em><\/p>\n\n\n\n<p><em>Sin embargo, s\u00e9 que no puedo volver a ese tipo de estilo de vida tan agitado de nuevo y esperar que funcione. Por lo tanto, he decidido centrarme en ser principalmente un m\u00fasico de sesi\u00f3n y estar a cargo de mi propio horario de acuerdo con el tiempo y la energ\u00eda con la que disponga.<\/em><\/p>\n\n\n\n<p><em>Los muchachos de la banda, que son mi familia extendida, me han apoyado mucho en esta decisi\u00f3n, los amo. \u00a1Y no solo de forma sexual, sino tambi\u00e9n como m\u00fasicos y grandes amigos!  Tambi\u00e9n saben que si surge la necesidad, estar\u00e9 encantado de ofrecer mis servicios, una vez que el tiempo y mi energ\u00eda lo permitan, por lo que es posible que tenga que soportar mi presencia de vez en cuando, \u00bfqui\u00e9n sabe?<\/em><\/p>\n\n\n\n<p><em>As\u00ed que definitivamente no es un adi\u00f3s, har\u00e9 m\u00fasica hasta el d\u00eda de mi muerte y s\u00e9 que los ver\u00e9 a muchos en el futuro cercano o lejano. Mientras tanto, mantente seguro y cuerdo y reserva &#8220;Panther&#8221;, \u00a1es un \u00e1lbum bestial!<\/em><\/p>\n\n\n\n<div style=\"height:30px\" aria-hidden=\"true\" class=\"wp-block-spacer\"><\/div>\n\n\n\n<p><strong><em>&#8216;Panther&#8217;<\/em><\/strong> es el nuevo \u00e1lbum de <strong>Pain of Salvation<\/strong> y estar\u00e1 disponible a partir del 28 de agosto, pero mientras tanto ya puedes escuchar el primer corte promocional, <em>&#8216;Accelerator&#8217;<\/em>.<\/p>\n\n\n\n<div style=\"height:30px\" aria-hidden=\"true\" class=\"wp-block-spacer\"><\/div>\n\n\n\n<figure class=\"wp-block-embed-youtube wp-block-embed is-type-video is-provider-youtube wp-embed-aspect-16-9 wp-has-aspect-ratio\"><div class=\"wp-block-embed__wrapper\">\n<iframe class=\"zeen-lazy-load-base zeen-lazy-load\" title=\"PAIN OF SALVATION - ACCELERATOR (OFFICIAL VIDEO)\" width=\"1200\" height=\"675\" src=\"about:blank\" data-lazy-src=\"https:\/\/www.youtube.com\/embed\/5QKmOJl4GXQ?feature=oembed\" frameborder=\"0\" allow=\"accelerometer; autoplay; clipboard-write; encrypted-media; gyroscope; picture-in-picture\" allowfullscreen><\/iframe><noscript><iframe title=\"PAIN OF SALVATION - ACCELERATOR (OFFICIAL VIDEO)\" width=\"1200\" height=\"675\" src=\"https:\/\/www.youtube.com\/embed\/5QKmOJl4GXQ?feature=oembed\" frameborder=\"0\" allow=\"accelerometer; autoplay; clipboard-write; encrypted-media; gyroscope; picture-in-picture\" allowfullscreen><\/iframe><\/noscript>\n<\/div><\/figure>","protected":false},"excerpt":{"rendered":"<p>Los suecos progresivos Pain of Salvation han hecho oficial la salida del bajista Gustaf Hielm, la cual se realiza de forma amistosa y debido a problemas de agenda del m\u00fasico y su imposibilidad de mezclar su tiempo con la banda y su empleo formal. Hielm escribi\u00f3 un comunicado para informar su salida y decirle adi\u00f3s a los fans. &#8220;\u00a1Hola, amigos! Estoy muy emocionado por el nuevo lanzamiento, pero igual muy triste por tener que darles la noticia de que despu\u00e9s [&hellip;]<\/p>\n","protected":false},"author":1,"featured_media":36868,"comment_status":"open","ping_status":"open","sticky":false,"template":"","format":"standard","meta":{"footnotes":""},"categories":[260,458],"tags":[3330],"class_list":["post-36867","post","type-post","status-publish","format-standard","has-post-thumbnail","hentry","category-new","category-progresivo","tag-pain-of-salvation"],"_links":{"self":[{"href":"https:\/\/summainferno.com\/en\/wp-json\/wp\/v2\/posts\/36867","targetHints":{"allow":["GET"]}}],"collection":[{"href":"https:\/\/summainferno.com\/en\/wp-json\/wp\/v2\/posts"}],"about":[{"href":"https:\/\/summainferno.com\/en\/wp-json\/wp\/v2\/types\/post"}],"author":[{"embeddable":true,"href":"https:\/\/summainferno.com\/en\/wp-json\/wp\/v2\/users\/1"}],"replies":[{"embeddable":true,"href":"https:\/\/summainferno.com\/en\/wp-json\/wp\/v2\/comments?post=36867"}],"version-history":[{"count":0,"href":"https:\/\/summainferno.com\/en\/wp-json\/wp\/v2\/posts\/36867\/revisions"}],"wp:featuredmedia":[{"embeddable":true,"href":"https:\/\/summainferno.com\/en\/wp-json\/wp\/v2\/media\/36868"}],"wp:attachment":[{"href":"https:\/\/summainferno.com\/en\/wp-json\/wp\/v2\/media?parent=36867"}],"wp:term":[{"taxonomy":"category","embeddable":true,"href":"https:\/\/summainferno.com\/en\/wp-json\/wp\/v2\/categories?post=36867"},{"taxonomy":"post_tag","embeddable":true,"href":"https:\/\/summainferno.com\/en\/wp-json\/wp\/v2\/tags?post=36867"}],"curies":[{"name":"wp","href":"https:\/\/api.w.org\/{rel}","templated":true}]}}