{"id":36841,"date":"2020-07-03T22:18:18","date_gmt":"2020-07-04T04:18:18","guid":{"rendered":"https:\/\/summainferno.com\/?p=36841"},"modified":"2020-07-03T22:18:19","modified_gmt":"2020-07-04T04:18:19","slug":"zakk-sabbath-anuncia-nuevo-album-vertigo-en-honor-a-black-sabbath","status":"publish","type":"post","link":"https:\/\/summainferno.com\/en\/zakk-sabbath-anuncia-nuevo-album-vertigo-en-honor-a-black-sabbath\/","title":{"rendered":"Zakk Sabbath announces new album, &#039;Vertigo&#039;, in honor of Black Sabbath"},"content":{"rendered":"\n<p><strong>Zakk Sabbath<\/strong>, la banda tributo a <strong>Black Sabbath<\/strong> integrada por <strong>Zakk Wylde<\/strong>, <strong>Blasko<\/strong> y Joey Castillo editar\u00e1n <em><strong>&#8216;Vertigo&#8217;<\/strong><\/em>, su propia versi\u00f3n del \u00e1lbum debut de <strong>Sabbath<\/strong> para celebrar los 50 a\u00f1os desde su lanzamiento. El nombre es un homenaje a Vertigo Records, la disquera que public\u00f3 el disco en 1970.<\/p>\n\n\n\n<p><strong><em>&#8216;Vertigo&#8217;<\/em><\/strong> estar\u00e1 disponible a partir del 4 de septiembre a trav\u00e9s de Magnetic Eye Record. El primer track,<em> &#8216;Black Sabbath&#8217;<\/em>, se puede escuchar m\u00e1s adelante.<\/p>\n\n\n\n<p><em>\u201cEn comparaci\u00f3n con &#8216;Paranoid&#8217;, que es casi m\u00e1s como un disco de grandes \u00e9xitos, la mayor parte del material en &#8216;Black Sabbath&#8217; es mucho m\u00e1s profundo y realmente experimental y creemos que nunca hab\u00eda sido explorando a fondo, por lo que fue un desaf\u00edo, al mismo tiempo que no podiamos olvidar que quer\u00edamos cumplir con nuestros propios altos est\u00e1ndares.&#8221; <\/em>dice <strong>Blasko<\/strong>.<\/p>\n\n\n\n<p>El \u00e1lbum ya est\u00e1 disponible en preventa y puedes adquirirlo, <a href=\"https:\/\/mer.lnk.to\/ZakkSabbath-Vertigo\" class=\"rank-math-link\" target=\"_blank\" rel=\"noopener\">aqu\u00ed<\/a>.<\/p>\n\n\n\n<div style=\"height:43px\" aria-hidden=\"true\" class=\"wp-block-spacer\"><\/div>\n\n\n\n<figure class=\"wp-block-embed-youtube wp-block-embed is-type-video is-provider-youtube wp-embed-aspect-16-9 wp-has-aspect-ratio\"><div class=\"wp-block-embed__wrapper\">\n<iframe class=\"zeen-lazy-load-base zeen-lazy-load\" title=\"Zakk Sabbath - Black Sabbath [Black Sabbath Cover]\" width=\"1200\" height=\"675\" src=\"about:blank\" data-lazy-src=\"https:\/\/www.youtube.com\/embed\/kox2WjYyI8w?feature=oembed\" frameborder=\"0\" allow=\"accelerometer; autoplay; clipboard-write; encrypted-media; gyroscope; picture-in-picture\" allowfullscreen><\/iframe><noscript><iframe title=\"Zakk Sabbath - Black Sabbath [Black Sabbath Cover]\" width=\"1200\" height=\"675\" src=\"https:\/\/www.youtube.com\/embed\/kox2WjYyI8w?feature=oembed\" frameborder=\"0\" allow=\"accelerometer; autoplay; clipboard-write; encrypted-media; gyroscope; picture-in-picture\" allowfullscreen><\/iframe><\/noscript>\n<\/div><\/figure>\n","protected":false},"excerpt":{"rendered":"<p>Zakk Sabbath, la banda tributo a Black Sabbath integrada por Zakk Wylde, Blasko y Joey Castillo editar\u00e1n &#8216;Vertigo&#8217;, su propia versi\u00f3n del \u00e1lbum debut de Sabbath para celebrar los 50 a\u00f1os desde su lanzamiento. El nombre es un homenaje a Vertigo Records, la disquera que public\u00f3 el disco en 1970. &#8216;Vertigo&#8217; estar\u00e1 disponible a partir del 4 de septiembre a trav\u00e9s de Magnetic Eye Record. El primer track, &#8216;Black Sabbath&#8217;, se puede escuchar m\u00e1s adelante. \u201cEn comparaci\u00f3n con &#8216;Paranoid&#8217;, que [&hellip;]<\/p>\n","protected":false},"author":1,"featured_media":36842,"comment_status":"open","ping_status":"open","sticky":false,"template":"","format":"standard","meta":{"footnotes":""},"categories":[171,260],"tags":[582,487,1192],"class_list":["post-36841","post","type-post","status-publish","format-standard","has-post-thumbnail","hentry","category-heavy-metal","category-new","tag-black-sabbath","tag-ozzy-osbourne","tag-zakk-sabbath"],"_links":{"self":[{"href":"https:\/\/summainferno.com\/en\/wp-json\/wp\/v2\/posts\/36841","targetHints":{"allow":["GET"]}}],"collection":[{"href":"https:\/\/summainferno.com\/en\/wp-json\/wp\/v2\/posts"}],"about":[{"href":"https:\/\/summainferno.com\/en\/wp-json\/wp\/v2\/types\/post"}],"author":[{"embeddable":true,"href":"https:\/\/summainferno.com\/en\/wp-json\/wp\/v2\/users\/1"}],"replies":[{"embeddable":true,"href":"https:\/\/summainferno.com\/en\/wp-json\/wp\/v2\/comments?post=36841"}],"version-history":[{"count":0,"href":"https:\/\/summainferno.com\/en\/wp-json\/wp\/v2\/posts\/36841\/revisions"}],"wp:featuredmedia":[{"embeddable":true,"href":"https:\/\/summainferno.com\/en\/wp-json\/wp\/v2\/media\/36842"}],"wp:attachment":[{"href":"https:\/\/summainferno.com\/en\/wp-json\/wp\/v2\/media?parent=36841"}],"wp:term":[{"taxonomy":"category","embeddable":true,"href":"https:\/\/summainferno.com\/en\/wp-json\/wp\/v2\/categories?post=36841"},{"taxonomy":"post_tag","embeddable":true,"href":"https:\/\/summainferno.com\/en\/wp-json\/wp\/v2\/tags?post=36841"}],"curies":[{"name":"wp","href":"https:\/\/api.w.org\/{rel}","templated":true}]}}