{"id":36640,"date":"2020-06-30T10:55:11","date_gmt":"2020-06-30T16:55:11","guid":{"rendered":"https:\/\/summainferno.com\/?p=36640"},"modified":"2020-06-30T10:56:49","modified_gmt":"2020-06-30T16:56:49","slug":"the-offspring-su-nuevo-album-esta-listo","status":"publish","type":"post","link":"https:\/\/summainferno.com\/en\/the-offspring-su-nuevo-album-esta-listo\/","title":{"rendered":"The Offspring: Your new album is ready"},"content":{"rendered":"<p>El esperado <a href=\"https:\/\/summainferno.com\/the-offspring-lanzara-nuevo-album-en-2020\/\" class=\"rank-math-link\">new album <\/a>of <strong>The offspring<\/strong> est\u00e1 listo y ser\u00e1 lanzado en cuanto la pandemia de COVID-19 se lo permita. La informaci\u00f3n fue confirmada por el cantante de la banda, <strong>Bryan &#8220;Dexter&#8221; Holland<\/strong> en una entrevista con el canal <strong>Download TV<\/strong>.<\/p>\n\n\n\n<p><em>&#8220;B\u00e1sicamente est\u00e1 terminado. Estuvimos haciendo algunos ajustes y cosas de \u00faltimo minuto, prepar\u00e1ndonos para el lanzamiento. Ya ten\u00edamos un single programado para ser lanzado  y luego sucedi\u00f3 lo de la pandemia. Entonces todo est\u00e1 esperando el momento justo.&#8221;<\/em><\/p>\n\n\n\n<p>The most recent album of&nbsp;<strong>The offspring<\/strong>&nbsp;es \u2018Days Go By\u2019 de 2012.<\/p>\n\n\n\n<div style=\"height:38px\" aria-hidden=\"true\" class=\"wp-block-spacer\"><\/div>\n\n\n\n<figure class=\"wp-block-embed-youtube wp-block-embed is-type-video is-provider-youtube wp-embed-aspect-16-9 wp-has-aspect-ratio\"><div class=\"wp-block-embed__wrapper\">\n<iframe class=\"zeen-lazy-load-base zeen-lazy-load\" title=\"THE OFFSPRING interview for Download Festival TV!\" width=\"1200\" height=\"675\" src=\"about:blank\" data-lazy-src=\"https:\/\/www.youtube.com\/embed\/dR6WI3bpkIE?feature=oembed\" frameborder=\"0\" allow=\"accelerometer; autoplay; clipboard-write; encrypted-media; gyroscope; picture-in-picture\" allowfullscreen><\/iframe><noscript><iframe title=\"THE OFFSPRING interview for Download Festival TV!\" width=\"1200\" height=\"675\" src=\"https:\/\/www.youtube.com\/embed\/dR6WI3bpkIE?feature=oembed\" frameborder=\"0\" allow=\"accelerometer; autoplay; clipboard-write; encrypted-media; gyroscope; picture-in-picture\" allowfullscreen><\/iframe><\/noscript>\n<\/div><\/figure>","protected":false},"excerpt":{"rendered":"<p>El esperado nuevo \u00e1lbum de The Offspring est\u00e1 listo y ser\u00e1 lanzado en cuanto la pandemia de COVID-19 se lo permita. La informaci\u00f3n fue confirmada por el cantante de la banda, Bryan &#8220;Dexter&#8221; Holland en una entrevista con el canal Download TV. &#8220;B\u00e1sicamente est\u00e1 terminado. Estuvimos haciendo algunos ajustes y cosas de \u00faltimo minuto, prepar\u00e1ndonos para el lanzamiento. Ya ten\u00edamos un single programado para ser lanzado y luego sucedi\u00f3 lo de la pandemia. Entonces todo est\u00e1 esperando el momento justo.&#8221; [&hellip;]<\/p>\n","protected":false},"author":1,"featured_media":36643,"comment_status":"open","ping_status":"open","sticky":false,"template":"","format":"standard","meta":{"footnotes":""},"categories":[260,262],"tags":[816],"class_list":["post-36640","post","type-post","status-publish","format-standard","has-post-thumbnail","hentry","category-new","category-punk","tag-the-offspring"],"_links":{"self":[{"href":"https:\/\/summainferno.com\/en\/wp-json\/wp\/v2\/posts\/36640","targetHints":{"allow":["GET"]}}],"collection":[{"href":"https:\/\/summainferno.com\/en\/wp-json\/wp\/v2\/posts"}],"about":[{"href":"https:\/\/summainferno.com\/en\/wp-json\/wp\/v2\/types\/post"}],"author":[{"embeddable":true,"href":"https:\/\/summainferno.com\/en\/wp-json\/wp\/v2\/users\/1"}],"replies":[{"embeddable":true,"href":"https:\/\/summainferno.com\/en\/wp-json\/wp\/v2\/comments?post=36640"}],"version-history":[{"count":0,"href":"https:\/\/summainferno.com\/en\/wp-json\/wp\/v2\/posts\/36640\/revisions"}],"wp:featuredmedia":[{"embeddable":true,"href":"https:\/\/summainferno.com\/en\/wp-json\/wp\/v2\/media\/36643"}],"wp:attachment":[{"href":"https:\/\/summainferno.com\/en\/wp-json\/wp\/v2\/media?parent=36640"}],"wp:term":[{"taxonomy":"category","embeddable":true,"href":"https:\/\/summainferno.com\/en\/wp-json\/wp\/v2\/categories?post=36640"},{"taxonomy":"post_tag","embeddable":true,"href":"https:\/\/summainferno.com\/en\/wp-json\/wp\/v2\/tags?post=36640"}],"curies":[{"name":"wp","href":"https:\/\/api.w.org\/{rel}","templated":true}]}}