{"id":36625,"date":"2020-06-29T17:57:35","date_gmt":"2020-06-29T23:57:35","guid":{"rendered":"https:\/\/summainferno.com\/?p=36625"},"modified":"2020-07-02T15:09:46","modified_gmt":"2020-07-02T21:09:46","slug":"carach-angren-franckensteina-strataemontanus","status":"publish","type":"post","link":"https:\/\/summainferno.com\/en\/carach-angren-franckensteina-strataemontanus\/","title":{"rendered":"Carach Angren - &#039;Franckensteina Strataemontanus&#039;"},"content":{"rendered":"<div class=\"lets-review-block__wrap lets-review-block__wrap-10 lr-cf lets-review-wrap-36625 lets-review--left lets-review-skin-2 lets-review-design-6 lets-review-ani-3 lets-review-score-type-4 lets-review-type-2 lets-review-score-type__icon lets-review--side conclusion__off proscons__off\" data-design=\"6\" data-score-type=\"4\" data-skin=\"2\"><div class=\"lets-review-block lets-review-block__img\"\"><img decoding=\"async\" loading=\"lazy\" width=\"1200\" height=\"1200\" src=\"https:\/\/summainferno.com\/wp-content\/uploads\/2020\/06\/carach-angren-franckensteina-strataemontanus.jpg\" class=\"attachment-full size-full\" alt=\"\" srcset=\"https:\/\/summainferno.com\/wp-content\/uploads\/2020\/06\/carach-angren-franckensteina-strataemontanus.jpg 1200w, https:\/\/summainferno.com\/wp-content\/uploads\/2020\/06\/carach-angren-franckensteina-strataemontanus-300x300.jpg 300w, https:\/\/summainferno.com\/wp-content\/uploads\/2020\/06\/carach-angren-franckensteina-strataemontanus-1024x1024.jpg 1024w, https:\/\/summainferno.com\/wp-content\/uploads\/2020\/06\/carach-angren-franckensteina-strataemontanus-150x150.jpg 150w, https:\/\/summainferno.com\/wp-content\/uploads\/2020\/06\/carach-angren-franckensteina-strataemontanus-768x768.jpg 768w, https:\/\/summainferno.com\/wp-content\/uploads\/2020\/06\/carach-angren-franckensteina-strataemontanus-24x24.jpg 24w, https:\/\/summainferno.com\/wp-content\/uploads\/2020\/06\/carach-angren-franckensteina-strataemontanus-48x48.jpg 48w, https:\/\/summainferno.com\/wp-content\/uploads\/2020\/06\/carach-angren-franckensteina-strataemontanus-96x96.jpg 96w\" sizes=\"auto, (max-width: 1200px) 100vw, 1200px\" title=\"\"><noscript><img decoding=\"async\" width=\"1200\" height=\"1200\" src=\"https:\/\/summainferno.com\/wp-content\/uploads\/2020\/06\/carach-angren-franckensteina-strataemontanus.jpg\" class=\"attachment-full size-full\" alt=\"\" srcset=\"https:\/\/summainferno.com\/wp-content\/uploads\/2020\/06\/carach-angren-franckensteina-strataemontanus.jpg 1200w, https:\/\/summainferno.com\/wp-content\/uploads\/2020\/06\/carach-angren-franckensteina-strataemontanus-300x300.jpg 300w, https:\/\/summainferno.com\/wp-content\/uploads\/2020\/06\/carach-angren-franckensteina-strataemontanus-1024x1024.jpg 1024w, https:\/\/summainferno.com\/wp-content\/uploads\/2020\/06\/carach-angren-franckensteina-strataemontanus-150x150.jpg 150w, https:\/\/summainferno.com\/wp-content\/uploads\/2020\/06\/carach-angren-franckensteina-strataemontanus-768x768.jpg 768w, https:\/\/summainferno.com\/wp-content\/uploads\/2020\/06\/carach-angren-franckensteina-strataemontanus-24x24.jpg 24w, https:\/\/summainferno.com\/wp-content\/uploads\/2020\/06\/carach-angren-franckensteina-strataemontanus-48x48.jpg 48w, https:\/\/summainferno.com\/wp-content\/uploads\/2020\/06\/carach-angren-franckensteina-strataemontanus-96x96.jpg 96w\" sizes=\"(max-width: 1200px) 100vw, 1200px\" title=\"\"><\/noscript><\/div><div class=\"lets-review-block lets-review-block__final-score lets-review-block__final-score-type-4 lets-review-block__pad score-level-10\"><div class=\"score__wrap lr-all-c\" style=\"background:#ac9449; color: #fff\"><div class=\"score-overlay-wrap score-overlay-wrap__icon\"><i class=\"fas fa-fire\"><\/i><i class=\"fas fa-fire\"><\/i><i class=\"fas fa-fire\"><\/i><i class=\"fas fa-fire\"><\/i><i class=\"fas fa-fire\"><\/i><div class=\"score-overlay\" style=\"width:0%\"><\/div><\/div><div class=\"score\">5<\/div><\/div><\/div><\/div>\n<p><strong>Carach Angren<\/strong> es sin duda una de las bandas que m\u00e1s proyecci\u00f3n ha tenido dentro de la escena del <em>black metal<\/em> con su sonido conjugado entre oscuridad y sinfon\u00eda, sazonado con una gran dosis de teatralidad. Los holandeses lanzaron este a\u00f1o su m\u00e1s reciente trabajo &#8220;<em>Franckensteina Strataemontanus<\/em>&#8221; bajo el sello <strong>Season Of Mist.<\/strong> El disco es claro un disco conceptual que nos va contando la historia de esta demencial criatura. <\/p>\n\n\n\n<p>La m\u00fasica de inmediato te transporta con la entrada &#8220;<em>Here In German Woodland<\/em>&#8221; a un sendero sacado de alguna pel\u00edcula tipo &#8220;<em>Sleepy Hollow<\/em>&#8220;, para detonar sin perder esa atm\u00f3sfera de fondo el retumbante tema &#8220;<em>Scourged Ghoul Undead<\/em>&#8220;: un tema sin duda que podr\u00edas imaginar te cantan \u00e1rboles malignos en medio de un bosque embrujado.  Nos encontramos a continuaci\u00f3n con el <em>track<\/em> hom\u00f3nimo del disco que abre con un sonido mecanizado y sucio que poco a poco da entrada a un <em>black<\/em> m\u00e1s alejado de la sinfon\u00eda y enfocado quiz\u00e1 a alg\u00fan pesado corte de <em>black<\/em> industrial, claro con algunos coros profanos de por medio. <em>&#8220;The Necromancer&#8221;<\/em> a continuaci\u00f3n es un tema algo lineal y quiz\u00e1 de los que m\u00e1s d\u00e9bil arrancan en esta placa, a diferencia de &#8220;<em>Sewn For Solitude<\/em>&#8221; que es uno de los mejores cortes de este disco con sus violines de pesadilla que adornan de forma macabra un <em>track<\/em> lleno de velocidad y demencia, perfecto para ilustrar la parte de la historia en la que la criatura es desatada generando terror entre quienes se cruzan en su camino. <\/p>\n\n\n\n<div style=\"height:31px\" aria-hidden=\"true\" class=\"wp-block-spacer\"><\/div>\n\n\n\n<div class=\"wp-block-image\"><figure class=\"aligncenter size-large\"><img decoding=\"async\" width=\"678\" height=\"381\" loading=\"lazy\" src=\"https:\/\/summainferno.com\/wp-content\/uploads\/2020\/06\/9f85900b-3c6a-45e7-899d-82d840cb43c4-678x381-1.jpg\" alt=\"\" class=\"wp-image-36628\" title=\"\" srcset=\"https:\/\/summainferno.com\/wp-content\/uploads\/2020\/06\/9f85900b-3c6a-45e7-899d-82d840cb43c4-678x381-1.jpg 678w, https:\/\/summainferno.com\/wp-content\/uploads\/2020\/06\/9f85900b-3c6a-45e7-899d-82d840cb43c4-678x381-1-300x169.jpg 300w\" sizes=\"auto, (max-width: 678px) 100vw, 678px\" \/><noscript><img decoding=\"async\" width=\"678\" height=\"381\" src=\"https:\/\/summainferno.com\/wp-content\/uploads\/2020\/06\/9f85900b-3c6a-45e7-899d-82d840cb43c4-678x381-1.jpg\" alt=\"\" class=\"wp-image-36628\" title=\"\" srcset=\"https:\/\/summainferno.com\/wp-content\/uploads\/2020\/06\/9f85900b-3c6a-45e7-899d-82d840cb43c4-678x381-1.jpg 678w, https:\/\/summainferno.com\/wp-content\/uploads\/2020\/06\/9f85900b-3c6a-45e7-899d-82d840cb43c4-678x381-1-300x169.jpg 300w\" sizes=\"(max-width: 678px) 100vw, 678px\" \/><\/noscript><\/figure><\/div>\n\n\n\n<div style=\"height:31px\" aria-hidden=\"true\" class=\"wp-block-spacer\"><\/div>\n\n\n\n<p><em>&#8220;Operation Compass&#8221;<\/em> retoma un poco el ritmo rico en percusiones casi militarizadas que luego redoblan cuando es necesario; contexto musical que encaja perfectamente con esa parte de la historia en que quieren domar y secuestrar a la bestia, y cuya respuesta se ve reflejada en <em>&#8220;Monster&#8221;<\/em>, un tema lleno de oscuridad y caos en el que sin problemas puedes imaginar el rostro necr\u00f3tico del monstruo acercarse a ti lentamente. <em>&#8220;Der Vampir Von Nurnberg&#8221; <\/em>como su nombre lo indica, busca transmitir la atm\u00f3sfera de clase y misticismo asociado a estos protagonistas chupa-sangre con cambios constantes de velocidad en todo el tema. &#8220;<em>Skull With A Forked Tongue<\/em>&#8221; suena en efecto a que poco a poco nos acercamos al desenlace de la historia, pero musicalmente no ofrece nada nuevo o a destacar m\u00e1s all\u00e1 de ser un tema com\u00fan al estilo de <strong>Carach Angren<\/strong>. Un teclado siniestro pero dulce abre &#8220;<em>Like A Conscious Parasite I Roam&#8221;<\/em>, que te lleva al desenlace de la obra de una forma excelentemente elaborada con todo el despliegue sinf\u00f3nico-teatral que <strong>Carach<\/strong> <strong>Angren <\/strong>es capaz de ofrecer. <\/p>\n\n\n\n<div style=\"height:20px\" aria-hidden=\"true\" class=\"wp-block-spacer\"><\/div>\n\n\n\n<div class=\"wp-block-image\"><figure class=\"aligncenter size-large\"><img decoding=\"async\" width=\"700\" height=\"467\" loading=\"lazy\" src=\"https:\/\/summainferno.com\/wp-content\/uploads\/2020\/06\/Carach-Angren.jpg\" alt=\"\" class=\"wp-image-36631\" title=\"\" srcset=\"https:\/\/summainferno.com\/wp-content\/uploads\/2020\/06\/Carach-Angren.jpg 700w, https:\/\/summainferno.com\/wp-content\/uploads\/2020\/06\/Carach-Angren-300x200.jpg 300w\" sizes=\"auto, (max-width: 700px) 100vw, 700px\" \/><noscript><img decoding=\"async\" width=\"700\" height=\"467\" src=\"https:\/\/summainferno.com\/wp-content\/uploads\/2020\/06\/Carach-Angren.jpg\" alt=\"\" class=\"wp-image-36631\" title=\"\" srcset=\"https:\/\/summainferno.com\/wp-content\/uploads\/2020\/06\/Carach-Angren.jpg 700w, https:\/\/summainferno.com\/wp-content\/uploads\/2020\/06\/Carach-Angren-300x200.jpg 300w\" sizes=\"(max-width: 700px) 100vw, 700px\" \/><\/noscript><\/figure><\/div>\n\n\n\n<div style=\"height:20px\" aria-hidden=\"true\" class=\"wp-block-spacer\"><\/div>\n\n\n\n<p>En conclusi\u00f3n podemos decir que el disco es muy bueno y te permite sin problemas adentrarte en la narrativa de la historia de su criatura. Los temas est\u00e1n muy bien balanceados y hay cambios constantes en el v\u00e9rtigo de cada <em>track<\/em>, como debe ser en todo cuento.<strong> Carach Angren<\/strong> sigue innovando sin perder su estilo, y se mantiene despegado de la monoton\u00eda que parece abrazar al g\u00e9nero hoy en d\u00eda. Un trabajo que sin duda nos gustar\u00eda ver m\u00e1s que en un concierto en vivo, en un musical teatral macabro. <\/p>\n\n\n\n<div style=\"height:45px\" aria-hidden=\"true\" class=\"wp-block-spacer\"><\/div>\n\n\n\n<figure class=\"wp-block-image size-large\"><img decoding=\"async\" width=\"1024\" height=\"1024\" loading=\"lazy\" src=\"https:\/\/summainferno.com\/wp-content\/uploads\/2020\/06\/carach-angren-franckensteina-strataemontanus-1-1024x1024.jpg\" alt=\"\" class=\"wp-image-36630\" title=\"\" srcset=\"https:\/\/summainferno.com\/wp-content\/uploads\/2020\/06\/carach-angren-franckensteina-strataemontanus-1-1024x1024.jpg 1024w, https:\/\/summainferno.com\/wp-content\/uploads\/2020\/06\/carach-angren-franckensteina-strataemontanus-1-300x300.jpg 300w, https:\/\/summainferno.com\/wp-content\/uploads\/2020\/06\/carach-angren-franckensteina-strataemontanus-1-150x150.jpg 150w, https:\/\/summainferno.com\/wp-content\/uploads\/2020\/06\/carach-angren-franckensteina-strataemontanus-1-768x768.jpg 768w, https:\/\/summainferno.com\/wp-content\/uploads\/2020\/06\/carach-angren-franckensteina-strataemontanus-1-24x24.jpg 24w, https:\/\/summainferno.com\/wp-content\/uploads\/2020\/06\/carach-angren-franckensteina-strataemontanus-1-48x48.jpg 48w, https:\/\/summainferno.com\/wp-content\/uploads\/2020\/06\/carach-angren-franckensteina-strataemontanus-1-96x96.jpg 96w, https:\/\/summainferno.com\/wp-content\/uploads\/2020\/06\/carach-angren-franckensteina-strataemontanus-1.jpg 1200w\" sizes=\"auto, (max-width: 1024px) 100vw, 1024px\" \/><noscript><img decoding=\"async\" width=\"1024\" height=\"1024\" src=\"https:\/\/summainferno.com\/wp-content\/uploads\/2020\/06\/carach-angren-franckensteina-strataemontanus-1-1024x1024.jpg\" alt=\"\" class=\"wp-image-36630\" title=\"\" srcset=\"https:\/\/summainferno.com\/wp-content\/uploads\/2020\/06\/carach-angren-franckensteina-strataemontanus-1-1024x1024.jpg 1024w, https:\/\/summainferno.com\/wp-content\/uploads\/2020\/06\/carach-angren-franckensteina-strataemontanus-1-300x300.jpg 300w, https:\/\/summainferno.com\/wp-content\/uploads\/2020\/06\/carach-angren-franckensteina-strataemontanus-1-150x150.jpg 150w, https:\/\/summainferno.com\/wp-content\/uploads\/2020\/06\/carach-angren-franckensteina-strataemontanus-1-768x768.jpg 768w, https:\/\/summainferno.com\/wp-content\/uploads\/2020\/06\/carach-angren-franckensteina-strataemontanus-1-24x24.jpg 24w, https:\/\/summainferno.com\/wp-content\/uploads\/2020\/06\/carach-angren-franckensteina-strataemontanus-1-48x48.jpg 48w, https:\/\/summainferno.com\/wp-content\/uploads\/2020\/06\/carach-angren-franckensteina-strataemontanus-1-96x96.jpg 96w, https:\/\/summainferno.com\/wp-content\/uploads\/2020\/06\/carach-angren-franckensteina-strataemontanus-1.jpg 1200w\" sizes=\"(max-width: 1024px) 100vw, 1024px\" \/><\/noscript><\/figure>\n\n\n\n<div style=\"height:45px\" aria-hidden=\"true\" class=\"wp-block-spacer\"><\/div>\n<div class=\"lets-review-block__wrap lets-review-block__wrap-10 lr-cf lets-review-wrap-36625 lets-review--center lets-review-skin-2 lets-review-design-6 lets-review-ani-3 lets-review-score-type-4 lets-review-type-2 lets-review-score-type__icon proscons__off\" data-design=\"6\" data-score-type=\"4\" data-skin=\"2\"><div class=\"lets-review-block lets-review-block__img\"\"><img decoding=\"async\" loading=\"lazy\" width=\"1200\" height=\"1200\" src=\"https:\/\/summainferno.com\/wp-content\/uploads\/2020\/06\/carach-angren-franckensteina-strataemontanus.jpg\" class=\"attachment-full size-full\" alt=\"\" srcset=\"https:\/\/summainferno.com\/wp-content\/uploads\/2020\/06\/carach-angren-franckensteina-strataemontanus.jpg 1200w, https:\/\/summainferno.com\/wp-content\/uploads\/2020\/06\/carach-angren-franckensteina-strataemontanus-300x300.jpg 300w, https:\/\/summainferno.com\/wp-content\/uploads\/2020\/06\/carach-angren-franckensteina-strataemontanus-1024x1024.jpg 1024w, https:\/\/summainferno.com\/wp-content\/uploads\/2020\/06\/carach-angren-franckensteina-strataemontanus-150x150.jpg 150w, https:\/\/summainferno.com\/wp-content\/uploads\/2020\/06\/carach-angren-franckensteina-strataemontanus-768x768.jpg 768w, https:\/\/summainferno.com\/wp-content\/uploads\/2020\/06\/carach-angren-franckensteina-strataemontanus-24x24.jpg 24w, https:\/\/summainferno.com\/wp-content\/uploads\/2020\/06\/carach-angren-franckensteina-strataemontanus-48x48.jpg 48w, https:\/\/summainferno.com\/wp-content\/uploads\/2020\/06\/carach-angren-franckensteina-strataemontanus-96x96.jpg 96w\" sizes=\"auto, (max-width: 1200px) 100vw, 1200px\" title=\"\"><noscript><img decoding=\"async\" width=\"1200\" height=\"1200\" src=\"https:\/\/summainferno.com\/wp-content\/uploads\/2020\/06\/carach-angren-franckensteina-strataemontanus.jpg\" class=\"attachment-full size-full\" alt=\"\" srcset=\"https:\/\/summainferno.com\/wp-content\/uploads\/2020\/06\/carach-angren-franckensteina-strataemontanus.jpg 1200w, https:\/\/summainferno.com\/wp-content\/uploads\/2020\/06\/carach-angren-franckensteina-strataemontanus-300x300.jpg 300w, https:\/\/summainferno.com\/wp-content\/uploads\/2020\/06\/carach-angren-franckensteina-strataemontanus-1024x1024.jpg 1024w, https:\/\/summainferno.com\/wp-content\/uploads\/2020\/06\/carach-angren-franckensteina-strataemontanus-150x150.jpg 150w, https:\/\/summainferno.com\/wp-content\/uploads\/2020\/06\/carach-angren-franckensteina-strataemontanus-768x768.jpg 768w, https:\/\/summainferno.com\/wp-content\/uploads\/2020\/06\/carach-angren-franckensteina-strataemontanus-24x24.jpg 24w, https:\/\/summainferno.com\/wp-content\/uploads\/2020\/06\/carach-angren-franckensteina-strataemontanus-48x48.jpg 48w, https:\/\/summainferno.com\/wp-content\/uploads\/2020\/06\/carach-angren-franckensteina-strataemontanus-96x96.jpg 96w\" sizes=\"(max-width: 1200px) 100vw, 1200px\" title=\"\"><\/noscript><\/div><div class=\"lets-review-block lets-review-block__main-title lr-vc lets-review-block__pad\"><div class=\"lets-review-block__title lr-font-h\" style=\"\">Carach Angren &#8211; &#8216;Franckensteina Strataemontanus&#8217;<\/div><\/div><div class=\"lets-review-block lets-review-block__conclusion__wrap lets-review-block__pad\"><div class=\"lets-review-block__conclusion__title lets-review-block__title lr-font-h\" style=\"\">\u00a1EST\u00c1 VIVO! \u00a1VIVO!<\/div><div class=\"lets-review-block__conclusion\">Carach Angren regala un disco conceptual muy disfrutable y lleno de la oscuridad dram\u00e1tica que los caracteriza, asent\u00e1ndose como uno de los proyectos m\u00e1s interesantes en esa vertiente sinf\u00f3nica del black metal. <\/div><\/div><div class=\"lets-review-block lets-review-block__final-score lets-review-block__final-score-type-4 lets-review-block__pad score-level-10\"><div class=\"score__wrap lr-all-c\" style=\"background:#ac9449; color: #fff\"><div class=\"score-overlay-wrap score-overlay-wrap__icon\"><i class=\"fas fa-fire\"><\/i><i class=\"fas fa-fire\"><\/i><i class=\"fas fa-fire\"><\/i><i class=\"fas fa-fire\"><\/i><i class=\"fas fa-fire\"><\/i><div class=\"score-overlay\" style=\"width:0%\"><\/div><\/div><div class=\"score\">5<\/div><\/div><\/div><\/div><script type=\"application\/ld+json\">{\"@context\": \"http:\/\/schema.org\/\",\n\t\t\t\"@type\": \"Organization\",\n\t\t\t\"name\": \"Carach Angren &#8211; &#8216;Franckensteina Strataemontanus&#8217;\",\"image\": [\n\t\t\t\t\"https:\/\/summainferno.com\/wp-content\/uploads\/2020\/06\/carach-angren-franckensteina-strataemontanus.jpg\"\n\t\t\t],\"review\": {\n\t\t\t\t\"@type\": \"Review\",\n\t\t\t\t\"reviewRating\": {\n\t\t\t\t\t\"@type\": \"Rating\",\n\t\t\t\t\t\"worstRating\": \"0\",\n\t\t\t\t\t\"ratingValue\": \"5\",\n\t\t\t\t\t\"bestRating\": \"5\"\n\t\t\t\t},\n\t\t\t\t\"author\": {\n\t\t\t\t\t\"@type\": \"Person\",\n\t\t\t\t\t\"name\": \"Antonio Arizti\"\n\t\t\t\t}\n\t\t\t}}<\/script>","protected":false},"excerpt":{"rendered":"<p>Carach Angren &#8211; &#8216;Franckensteina Strataemontanus&#8217; \u00a1EST\u00c1 VIVO! \u00a1VIVO! Carach Angren regala un disco conceptual muy disfrutable y lleno de la oscuridad dram\u00e1tica que los caracteriza, asent\u00e1ndose como uno de los proyectos m\u00e1s interesantes en esa vertiente sinf\u00f3nica del black metal. 5<\/p>","protected":false},"author":9,"featured_media":36627,"comment_status":"open","ping_status":"open","sticky":false,"template":"","format":"standard","meta":{"footnotes":""},"categories":[1207,225],"tags":[997],"class_list":["post-36625","post","type-post","status-publish","format-standard","has-post-thumbnail","hentry","category-black-metal","category-cd-reviews","tag-carach-angren"],"_links":{"self":[{"href":"https:\/\/summainferno.com\/en\/wp-json\/wp\/v2\/posts\/36625","targetHints":{"allow":["GET"]}}],"collection":[{"href":"https:\/\/summainferno.com\/en\/wp-json\/wp\/v2\/posts"}],"about":[{"href":"https:\/\/summainferno.com\/en\/wp-json\/wp\/v2\/types\/post"}],"author":[{"embeddable":true,"href":"https:\/\/summainferno.com\/en\/wp-json\/wp\/v2\/users\/9"}],"replies":[{"embeddable":true,"href":"https:\/\/summainferno.com\/en\/wp-json\/wp\/v2\/comments?post=36625"}],"version-history":[{"count":0,"href":"https:\/\/summainferno.com\/en\/wp-json\/wp\/v2\/posts\/36625\/revisions"}],"wp:featuredmedia":[{"embeddable":true,"href":"https:\/\/summainferno.com\/en\/wp-json\/wp\/v2\/media\/36627"}],"wp:attachment":[{"href":"https:\/\/summainferno.com\/en\/wp-json\/wp\/v2\/media?parent=36625"}],"wp:term":[{"taxonomy":"category","embeddable":true,"href":"https:\/\/summainferno.com\/en\/wp-json\/wp\/v2\/categories?post=36625"},{"taxonomy":"post_tag","embeddable":true,"href":"https:\/\/summainferno.com\/en\/wp-json\/wp\/v2\/tags?post=36625"}],"curies":[{"name":"wp","href":"https:\/\/api.w.org\/{rel}","templated":true}]}}