{"id":36114,"date":"2020-06-21T13:14:03","date_gmt":"2020-06-21T19:14:03","guid":{"rendered":"https:\/\/summainferno.com\/?p=36114"},"modified":"2020-06-21T13:14:04","modified_gmt":"2020-06-21T19:14:04","slug":"la-noche-de-la-bestia-pelicula-sobre-iron-maiden-lanza-su-primer-trailer","status":"publish","type":"post","link":"https:\/\/summainferno.com\/en\/la-noche-de-la-bestia-pelicula-sobre-iron-maiden-lanza-su-primer-trailer\/","title":{"rendered":"&#039;The Night of the Beast, film about Iron Maiden launches its first trailer"},"content":{"rendered":"<p>&#039;The Night of the Beast&#039; is a Colombian-Mexican film that narrates the adventures of two young metalheads in their quest to witness the first show of the legendary British band,<strong> Iron maiden<\/strong>, during his first visit to Colombia, to the Sim\u00f3n Bol\u00edvar Park in Bogot\u00e1 in February 2008.<\/p>\n\n\n\n<p>\u201cIt is not the typical Colombian film that we see at festivals. It does not meet the usual standards. It does not speak of poverty, violence and death; it&#039;s about two teenagers going to a metal concert. Sometimes people don&#039;t see these stories as part of our narrative, but for me they are as own as they can be for others. \u201d says the director of the film, Mauricio Leiva-Cock for <a href=\"https:\/\/variety.com\/2020\/film\/global\/m-appeal-acquires-mauricio-leiva-cock-night-of-the-beast-1234631369\/\" target=\"_blank\" rel=\"noopener\">Variety<\/a>.<\/p>\n\n\n\n<p><em>&quot;We got a note after a test group that the main characters should be tougher and badder, which bothered me because it comes from this bias that a &#039;metalhead&#039; has to be those things.&quot; It is a stereotype that is profoundly false. We work with many metalheads and it is a great group full of everything, but especially very intelligent and self-taught people. That need to make a violent character comes from the idea that Colombians are violent characters, but the truth is that we are not just stereotypes. \u201d<\/em><\/p>\n\n\n\n<p>The film was produced by Fidelio Films with the support of Cine Colombia, the largest cinema chain in the country and although it does not have a set release date yet, it is already in the post-production phase and will feature the greatest successes of the<em> Iron Maiden<\/em> how <em>&#039;The Number of the Beast&#039;<\/em> or<em> &#039;Run to the Hills&#039;<\/em>.<\/p>\n\n\n\n<div style=\"height:38px\" aria-hidden=\"true\" class=\"wp-block-spacer\"><\/div>\n\n\n\n<figure class=\"wp-block-embed-youtube wp-block-embed is-type-video is-provider-youtube wp-embed-aspect-16-9 wp-has-aspect-ratio\"><div class=\"wp-block-embed__wrapper\">\n<iframe class=\"zeen-lazy-load-base zeen-lazy-load\" title=\"THE NIGHT OF THE BEAST International Trailer\" width=\"1200\" height=\"675\" src=\"about:blank\" data-lazy-src=\"https:\/\/www.youtube.com\/embed\/CSKqvcpcBfg?feature=oembed\" frameborder=\"0\" allow=\"accelerometer; autoplay; clipboard-write; encrypted-media; gyroscope; picture-in-picture\" allowfullscreen><\/iframe><noscript><iframe title=\"THE NIGHT OF THE BEAST International Trailer\" width=\"1200\" height=\"675\" src=\"https:\/\/www.youtube.com\/embed\/CSKqvcpcBfg?feature=oembed\" frameborder=\"0\" allow=\"accelerometer; autoplay; clipboard-write; encrypted-media; gyroscope; picture-in-picture\" allowfullscreen><\/iframe><\/noscript>\n<\/div><\/figure>","protected":false},"excerpt":{"rendered":"<p>&#8216;The Night of the Beast&#8217; es una cinta colombiano-mexicana que narra las andanzas de dos jovenes metaleros en su busqueda de presenciar el primer show de la legendaria banda brit\u00e1nica, Iron Maiden, durante su primera visita a Colombia, al Parque Sim\u00f3n Bol\u00edvar de Bogot\u00e1 en febrero del 2008. &#8220;No es la t\u00edpica cinta colombiana que vemos en los festivales. No cumple las normas usuales. No habla de pobreza, violencia y muerte; es sobre dos adolescentes yendo a un concierto de [&hellip;]<\/p>\n","protected":false},"author":1,"featured_media":36116,"comment_status":"open","ping_status":"open","sticky":false,"template":"","format":"standard","meta":{"footnotes":""},"categories":[171,260],"tags":[172,3273],"class_list":["post-36114","post","type-post","status-publish","format-standard","has-post-thumbnail","hentry","category-heavy-metal","category-new","tag-iron-maiden","tag-la-noche-de-la-bestia"],"_links":{"self":[{"href":"https:\/\/summainferno.com\/en\/wp-json\/wp\/v2\/posts\/36114","targetHints":{"allow":["GET"]}}],"collection":[{"href":"https:\/\/summainferno.com\/en\/wp-json\/wp\/v2\/posts"}],"about":[{"href":"https:\/\/summainferno.com\/en\/wp-json\/wp\/v2\/types\/post"}],"author":[{"embeddable":true,"href":"https:\/\/summainferno.com\/en\/wp-json\/wp\/v2\/users\/1"}],"replies":[{"embeddable":true,"href":"https:\/\/summainferno.com\/en\/wp-json\/wp\/v2\/comments?post=36114"}],"version-history":[{"count":0,"href":"https:\/\/summainferno.com\/en\/wp-json\/wp\/v2\/posts\/36114\/revisions"}],"wp:featuredmedia":[{"embeddable":true,"href":"https:\/\/summainferno.com\/en\/wp-json\/wp\/v2\/media\/36116"}],"wp:attachment":[{"href":"https:\/\/summainferno.com\/en\/wp-json\/wp\/v2\/media?parent=36114"}],"wp:term":[{"taxonomy":"category","embeddable":true,"href":"https:\/\/summainferno.com\/en\/wp-json\/wp\/v2\/categories?post=36114"},{"taxonomy":"post_tag","embeddable":true,"href":"https:\/\/summainferno.com\/en\/wp-json\/wp\/v2\/tags?post=36114"}],"curies":[{"name":"wp","href":"https:\/\/api.w.org\/{rel}","templated":true}]}}