{"id":36107,"date":"2020-06-21T10:23:44","date_gmt":"2020-06-21T16:23:44","guid":{"rendered":"https:\/\/summainferno.com\/?p=36107"},"modified":"2020-06-21T10:23:51","modified_gmt":"2020-06-21T16:23:51","slug":"solstafir-termina-de-grabar-su-nuevo-album","status":"publish","type":"post","link":"https:\/\/summainferno.com\/en\/solstafir-termina-de-grabar-su-nuevo-album\/","title":{"rendered":"S\u00f3lstafir finishes recording his new album"},"content":{"rendered":"<p>Icelanders <strong>Solstafir<\/strong> They have confirmed that they have finished recording their new studio album, which is expected to be released later this year.<\/p>\n\n\n\n<p><em>&#8220;Nuestro nuevo \u00e1lbum esta terminado. Ya enviamos los masters a nuestra disquera, Season of Mist&#8221;<\/em>, reads in a brief statement posted on their social networks.<\/p>\n\n\n\n<p> El m\u00e1s reciente \u00e1lbum de la banda, &#8216;<em>Berdreyminn<\/em>&#039;was released in 2017.<\/p>\n\n\n\n<div style=\"height:40px\" aria-hidden=\"true\" class=\"wp-block-spacer\"><\/div>\n\n\n\n<figure class=\"wp-block-image size-large\"><img decoding=\"async\" width=\"640\" height=\"960\" loading=\"lazy\" src=\"https:\/\/summainferno.com\/wp-content\/uploads\/2020\/06\/FB_IMG_1592756443552.jpg\" alt=\"\" class=\"wp-image-36106\" title=\"\" srcset=\"https:\/\/summainferno.com\/wp-content\/uploads\/2020\/06\/FB_IMG_1592756443552.jpg 640w, https:\/\/summainferno.com\/wp-content\/uploads\/2020\/06\/FB_IMG_1592756443552-200x300.jpg 200w\" sizes=\"auto, (max-width: 640px) 100vw, 640px\" \/><noscript><img decoding=\"async\" width=\"640\" height=\"960\" src=\"https:\/\/summainferno.com\/wp-content\/uploads\/2020\/06\/FB_IMG_1592756443552.jpg\" alt=\"\" class=\"wp-image-36106\" title=\"\" srcset=\"https:\/\/summainferno.com\/wp-content\/uploads\/2020\/06\/FB_IMG_1592756443552.jpg 640w, https:\/\/summainferno.com\/wp-content\/uploads\/2020\/06\/FB_IMG_1592756443552-200x300.jpg 200w\" sizes=\"(max-width: 640px) 100vw, 640px\" \/><\/noscript><\/figure>","protected":false},"excerpt":{"rendered":"<p>Los islandeses S\u00f3lstafir han confirmado que han terminado de grabar su nuevo \u00e1lbum de estudio, el cual se espera sea lanzado a finales de este a\u00f1o. &#8220;Nuestro nuevo \u00e1lbum esta terminado. Ya enviamos los masters a nuestra disquera, Season of Mist&#8221;, se lee en un breve comunicado publicado en sus redes sociales. El m\u00e1s reciente \u00e1lbum de la banda, &#8216;Berdreyminn&#8216; fue lanzado en 2017.<\/p>","protected":false},"author":1,"featured_media":36103,"comment_status":"open","ping_status":"open","sticky":false,"template":"","format":"standard","meta":{"footnotes":""},"categories":[1207,260],"tags":[3272],"class_list":["post-36107","post","type-post","status-publish","format-standard","has-post-thumbnail","hentry","category-black-metal","category-new","tag-solstafir"],"_links":{"self":[{"href":"https:\/\/summainferno.com\/en\/wp-json\/wp\/v2\/posts\/36107","targetHints":{"allow":["GET"]}}],"collection":[{"href":"https:\/\/summainferno.com\/en\/wp-json\/wp\/v2\/posts"}],"about":[{"href":"https:\/\/summainferno.com\/en\/wp-json\/wp\/v2\/types\/post"}],"author":[{"embeddable":true,"href":"https:\/\/summainferno.com\/en\/wp-json\/wp\/v2\/users\/1"}],"replies":[{"embeddable":true,"href":"https:\/\/summainferno.com\/en\/wp-json\/wp\/v2\/comments?post=36107"}],"version-history":[{"count":0,"href":"https:\/\/summainferno.com\/en\/wp-json\/wp\/v2\/posts\/36107\/revisions"}],"wp:featuredmedia":[{"embeddable":true,"href":"https:\/\/summainferno.com\/en\/wp-json\/wp\/v2\/media\/36103"}],"wp:attachment":[{"href":"https:\/\/summainferno.com\/en\/wp-json\/wp\/v2\/media?parent=36107"}],"wp:term":[{"taxonomy":"category","embeddable":true,"href":"https:\/\/summainferno.com\/en\/wp-json\/wp\/v2\/categories?post=36107"},{"taxonomy":"post_tag","embeddable":true,"href":"https:\/\/summainferno.com\/en\/wp-json\/wp\/v2\/tags?post=36107"}],"curies":[{"name":"wp","href":"https:\/\/api.w.org\/{rel}","templated":true}]}}