{"id":35825,"date":"2020-06-16T10:19:42","date_gmt":"2020-06-16T16:19:42","guid":{"rendered":"https:\/\/summainferno.com\/?p=35825"},"modified":"2020-06-16T10:19:44","modified_gmt":"2020-06-16T16:19:44","slug":"lemmy-kilmister-tendra-su-propia-pelicula-biografica","status":"publish","type":"post","link":"https:\/\/summainferno.com\/en\/lemmy-kilmister-tendra-su-propia-pelicula-biografica\/","title":{"rendered":"Lemmy Kilmister will have her own biographical film"},"content":{"rendered":"<p>Simply <strong><em>&#039;Lemmy&#039;<\/em><\/strong>. That will be the name of the biographical film that the <strong>Greg Olliver<\/strong> will direct next year on the legendary singer of <strong>M\u00f6torhead<\/strong>, <strong>Lemmy Kilmister<\/strong>. Back in 2010, the director was in charge of the documentary that bears the same name, so he is not a stranger to the subject.<\/p>\n\n\n\n<p>The tape will portray the life of <strong>Lemmy Kilmister<\/strong> growing up in Stoke-on-Trent, when he becomes a roadie from <strong>Jimi Hendrix <\/strong>and a member of the seminal psychedelic rock band Hawkwind before establishing <strong>Mot\u00f6rhead<\/strong>.<\/p>\n\n\n\n<p><em>\u201cThe music of Lemmy and Motorhead had a great influence on my life and my musical experience. They were the band that started the crossover between metal and punk, and (the producer) VMI couldn&#039;t be more excited to bring this story to the big screen. \u201d<\/em><\/p>\n\n\n\n<div style=\"height:20px\" aria-hidden=\"true\" class=\"wp-block-spacer\"><\/div>\n\n\n\n<figure class=\"wp-block-image size-large\"><img decoding=\"async\" width=\"1024\" height=\"576\" loading=\"lazy\" src=\"https:\/\/summainferno.com\/wp-content\/uploads\/2020\/06\/maxresdefault-1-1024x576.jpg\" alt=\"\" class=\"wp-image-35829\" title=\"\" srcset=\"https:\/\/summainferno.com\/wp-content\/uploads\/2020\/06\/maxresdefault-1-1024x576.jpg 1024w, https:\/\/summainferno.com\/wp-content\/uploads\/2020\/06\/maxresdefault-1-300x169.jpg 300w, https:\/\/summainferno.com\/wp-content\/uploads\/2020\/06\/maxresdefault-1-768x432.jpg 768w, https:\/\/summainferno.com\/wp-content\/uploads\/2020\/06\/maxresdefault-1.jpg 1280w\" sizes=\"auto, (max-width: 1024px) 100vw, 1024px\" \/><noscript><img decoding=\"async\" width=\"1024\" height=\"576\" src=\"https:\/\/summainferno.com\/wp-content\/uploads\/2020\/06\/maxresdefault-1-1024x576.jpg\" alt=\"\" class=\"wp-image-35829\" title=\"\" srcset=\"https:\/\/summainferno.com\/wp-content\/uploads\/2020\/06\/maxresdefault-1-1024x576.jpg 1024w, https:\/\/summainferno.com\/wp-content\/uploads\/2020\/06\/maxresdefault-1-300x169.jpg 300w, https:\/\/summainferno.com\/wp-content\/uploads\/2020\/06\/maxresdefault-1-768x432.jpg 768w, https:\/\/summainferno.com\/wp-content\/uploads\/2020\/06\/maxresdefault-1.jpg 1280w\" sizes=\"(max-width: 1024px) 100vw, 1024px\" \/><\/noscript><\/figure>\n\n\n\n<div style=\"height:20px\" aria-hidden=\"true\" class=\"wp-block-spacer\"><\/div>\n\n\n\n<p><strong><em>&#039;Lemmy&#039;<\/em><\/strong> It will be presented at the Cannes festival by the producer VMI Worldwide and the script will be directed by Medeni Griffiths. The managers of <strong>M\u00f6torhead<\/strong>, Todd Singerman and Steffan Chirazi will be executive producers and production is expected to start in 2021, although it will depend on the evolution of the situation with COVID-19.<\/p>\n\n\n\n<div style=\"height:20px\" aria-hidden=\"true\" class=\"wp-block-spacer\"><\/div>\n\n\n\n<script async src=\"https:\/\/pagead2.googlesyndication.com\/pagead\/js\/adsbygoogle.js\"><\/script>\n<ins class=\"adsbygoogle\"\n     style=\"display:block; text-align:center;\"\n     data-ad-layout=\"in-article\"\n     data-ad-format=\"fluid\"\n     data-ad-client=\"ca-pub-8282788028445307\"\n     data-ad-slot=\"1271768193\"><\/ins>\n<script>\n     (adsbygoogle = window.adsbygoogle || []).push({});\n<\/script>\n\n\n\n<div style=\"height:20px\" aria-hidden=\"true\" class=\"wp-block-spacer\"><\/div>\n\n\n\n<p><em>\u201cEverything you have heard about Lemmy is probably true. Not because it&#039;s full of rock clich\u00e9s, but because he created them. Some red Marlboro and Jack Daniel&#039;s for breakfast, speed (the drug) dinner, all that is true. But behind that steel-eyed rocker facade, there was also a convincing, complicated, lion-hearted man who stayed on course and never stopped playing the music that made him happy. We have been carefully developing this biographical film since 2013, making sure to stay true to Lemmy, the Mot\u00f6rhead gang members - Phil Campbell and Mikkey Dee -, and all the other people who played important roles in Lemmy&#039;s life. It will be a movie that they will be proud of. \u201d<\/em> said the director, <strong>Greg Olliver<\/strong>.<\/p>\n\n\n\n<p><em>\u201cIt is a story of immense cultural importance. If these five years of absence have taught us anything, it is that Lemmy was more unique than we all thought. Greg is a very trusted part of our circle, and we are thrilled to see this movie come true. \u201d<\/em>Todd Singerman added.<\/p>\n\n\n\n<p>Lemmy Kilmister passed away on December 28, 2015 due to prostate cancer, which was diagnosed just two days before her death.<\/p>","protected":false},"excerpt":{"rendered":"<p>Simplemente &#8216;Lemmy&#8217;. Ese ser\u00e1 el nombre de la pel\u00edcula biogr\u00e1fica que el Greg Olliver dirigir\u00e1 el pr\u00f3ximo a\u00f1o sobre el legendario cantante de M\u00f6torhead, Lemmy Kilmister. Ya en 2010, el director fue el encargado del documental que lleva el mismo nombre, as\u00ed que no es un desconocido del tema. La cinta retratar\u00e1 la vida de Lemmy Kilmister creciendo en Stoke-on-Trent, cuando se convierte en un roadie de Jimi Hendrix y miembro de la banda de rock psicod\u00e9lico seminal Hawkwind antes [&hellip;]<\/p>\n","protected":false},"author":1,"featured_media":35826,"comment_status":"open","ping_status":"open","sticky":false,"template":"","format":"standard","meta":{"footnotes":""},"categories":[171,111,260],"tags":[497,498],"class_list":["post-35825","post","type-post","status-publish","format-standard","has-post-thumbnail","hentry","category-heavy-metal","category-destacado","category-new","tag-lemmy-kilmister","tag-motorhead"],"_links":{"self":[{"href":"https:\/\/summainferno.com\/en\/wp-json\/wp\/v2\/posts\/35825","targetHints":{"allow":["GET"]}}],"collection":[{"href":"https:\/\/summainferno.com\/en\/wp-json\/wp\/v2\/posts"}],"about":[{"href":"https:\/\/summainferno.com\/en\/wp-json\/wp\/v2\/types\/post"}],"author":[{"embeddable":true,"href":"https:\/\/summainferno.com\/en\/wp-json\/wp\/v2\/users\/1"}],"replies":[{"embeddable":true,"href":"https:\/\/summainferno.com\/en\/wp-json\/wp\/v2\/comments?post=35825"}],"version-history":[{"count":0,"href":"https:\/\/summainferno.com\/en\/wp-json\/wp\/v2\/posts\/35825\/revisions"}],"wp:featuredmedia":[{"embeddable":true,"href":"https:\/\/summainferno.com\/en\/wp-json\/wp\/v2\/media\/35826"}],"wp:attachment":[{"href":"https:\/\/summainferno.com\/en\/wp-json\/wp\/v2\/media?parent=35825"}],"wp:term":[{"taxonomy":"category","embeddable":true,"href":"https:\/\/summainferno.com\/en\/wp-json\/wp\/v2\/categories?post=35825"},{"taxonomy":"post_tag","embeddable":true,"href":"https:\/\/summainferno.com\/en\/wp-json\/wp\/v2\/tags?post=35825"}],"curies":[{"name":"wp","href":"https:\/\/api.w.org\/{rel}","templated":true}]}}