{"id":35239,"date":"2020-06-10T06:49:55","date_gmt":"2020-06-10T12:49:55","guid":{"rendered":"https:\/\/summainferno.com\/?p=35239"},"modified":"2020-06-10T06:49:56","modified_gmt":"2020-06-10T12:49:56","slug":"rock-am-ring-rock-im-park-anuncian-los-headliners-para-2021","status":"publish","type":"post","link":"https:\/\/summainferno.com\/en\/rock-am-ring-rock-im-park-anuncian-los-headliners-para-2021\/","title":{"rendered":"Rock am Ring \/ Rock im Park announce headliners for 2021"},"content":{"rendered":"<p>The twin festivals <strong>Rock am ring<\/strong> and <strong>Rock im park <\/strong>The bands that will be in charge of leading the 2021 editions have announced. <strong>Volbeat<\/strong>, <strong>green Day<\/strong> and <strong>system of a Down<\/strong> They will close the activities of each day of both events, thus repeating the programming that had been prepared for this year but that for obvious reasons was not carried out.<\/p>\n\n\n\n<p><strong>Rock am ring <\/strong>and<strong> Rock im park <\/strong>They will take place at the N\u00fcrnurging - Eifel and in N\u00fcrnberg - Zeppelinfeld respectively from June 11 to 13, 2021.<\/p>\n\n\n\n<p>You can see more details and buy tickets at \u00a0<a rel=\"noreferrer noopener\" href=\"http:\/\/www.rock-am-ring.com\/?fbclid=IwAR3d6Ohnc6ikP0jzPnbcmVwaQPcYykOQNokJKzSbFf19hOptnWIdnrK6W_k\" target=\"_blank\">www.rock-am-ring.com<\/a>\u00a0and\u00a0<a rel=\"noreferrer noopener\" href=\"http:\/\/www.rock-im-park.com\/?fbclid=IwAR0vVoM3tGAFlLLcB6pfOCRzMG1ASJv4yJ4tMZVfAW89JyY-hxHYvD-mxvo\" target=\"_blank\">www.rock-im-park.com<\/a> from June 30.<\/p>\n\n\n\n<div style=\"height:30px\" aria-hidden=\"true\" class=\"wp-block-spacer\"><\/div>\n\n\n\n<figure class=\"wp-block-image size-large\"><img decoding=\"async\" width=\"960\" height=\"678\" loading=\"lazy\" src=\"https:\/\/summainferno.com\/wp-content\/uploads\/2020\/06\/103329795_10158968329169880_8283584497944238013_o.jpg\" alt=\"Rock am Ring \/ Rock im Park 2021\" class=\"wp-image-35240\" title=\"\" srcset=\"https:\/\/summainferno.com\/wp-content\/uploads\/2020\/06\/103329795_10158968329169880_8283584497944238013_o.jpg 960w, https:\/\/summainferno.com\/wp-content\/uploads\/2020\/06\/103329795_10158968329169880_8283584497944238013_o-300x212.jpg 300w, https:\/\/summainferno.com\/wp-content\/uploads\/2020\/06\/103329795_10158968329169880_8283584497944238013_o-768x542.jpg 768w, https:\/\/summainferno.com\/wp-content\/uploads\/2020\/06\/103329795_10158968329169880_8283584497944238013_o-585x413.jpg 585w\" sizes=\"auto, (max-width: 960px) 100vw, 960px\" \/><noscript><img decoding=\"async\" width=\"960\" height=\"678\" src=\"https:\/\/summainferno.com\/wp-content\/uploads\/2020\/06\/103329795_10158968329169880_8283584497944238013_o.jpg\" alt=\"Rock am Ring \/ Rock im Park 2021\" class=\"wp-image-35240\" title=\"\" srcset=\"https:\/\/summainferno.com\/wp-content\/uploads\/2020\/06\/103329795_10158968329169880_8283584497944238013_o.jpg 960w, https:\/\/summainferno.com\/wp-content\/uploads\/2020\/06\/103329795_10158968329169880_8283584497944238013_o-300x212.jpg 300w, https:\/\/summainferno.com\/wp-content\/uploads\/2020\/06\/103329795_10158968329169880_8283584497944238013_o-768x542.jpg 768w, https:\/\/summainferno.com\/wp-content\/uploads\/2020\/06\/103329795_10158968329169880_8283584497944238013_o-585x413.jpg 585w\" sizes=\"(max-width: 960px) 100vw, 960px\" \/><\/noscript><\/figure>","protected":false},"excerpt":{"rendered":"<p>Los festivales gemelos Rock am Ring y Rock im Park han anunciado las bandas que ser\u00e1n encargadas de encabezar las ediciones 2021. Volbeat, Green Day y System of a Down cerrar\u00e1n las actividades de cada d\u00eda de ambos eventos, repitiendo as\u00ed la programaci\u00f3n que se ten\u00eda preparada para este a\u00f1o pero que por obvias razones no se llev\u00f3 a cabo. Rock am Ring y Rock im Park se llevar\u00e1n a cabo en el N\u00fcrnurging &#8211; Eifel y enN\u00fcrnberg &#8211; Zeppelinfeld [&hellip;]<\/p>\n","protected":false},"author":1,"featured_media":35241,"comment_status":"open","ping_status":"open","sticky":false,"template":"","format":"standard","meta":{"footnotes":""},"categories":[1324,1328,260],"tags":[1072,3239],"class_list":["post-35239","post","type-post","status-publish","format-standard","has-post-thumbnail","hentry","category-europa","category-internacional-2","category-new","tag-rock-am-ring","tag-rock-im-park"],"_links":{"self":[{"href":"https:\/\/summainferno.com\/en\/wp-json\/wp\/v2\/posts\/35239","targetHints":{"allow":["GET"]}}],"collection":[{"href":"https:\/\/summainferno.com\/en\/wp-json\/wp\/v2\/posts"}],"about":[{"href":"https:\/\/summainferno.com\/en\/wp-json\/wp\/v2\/types\/post"}],"author":[{"embeddable":true,"href":"https:\/\/summainferno.com\/en\/wp-json\/wp\/v2\/users\/1"}],"replies":[{"embeddable":true,"href":"https:\/\/summainferno.com\/en\/wp-json\/wp\/v2\/comments?post=35239"}],"version-history":[{"count":0,"href":"https:\/\/summainferno.com\/en\/wp-json\/wp\/v2\/posts\/35239\/revisions"}],"wp:featuredmedia":[{"embeddable":true,"href":"https:\/\/summainferno.com\/en\/wp-json\/wp\/v2\/media\/35241"}],"wp:attachment":[{"href":"https:\/\/summainferno.com\/en\/wp-json\/wp\/v2\/media?parent=35239"}],"wp:term":[{"taxonomy":"category","embeddable":true,"href":"https:\/\/summainferno.com\/en\/wp-json\/wp\/v2\/categories?post=35239"},{"taxonomy":"post_tag","embeddable":true,"href":"https:\/\/summainferno.com\/en\/wp-json\/wp\/v2\/tags?post=35239"}],"curies":[{"name":"wp","href":"https:\/\/api.w.org\/{rel}","templated":true}]}}