{"id":35219,"date":"2020-06-09T13:00:25","date_gmt":"2020-06-09T19:00:25","guid":{"rendered":"https:\/\/summainferno.com\/?p=35219"},"modified":"2020-06-09T13:00:26","modified_gmt":"2020-06-09T19:00:26","slug":"amaranthe-cancela-su-gira-2020-por-america-del-norte","status":"publish","type":"post","link":"https:\/\/summainferno.com\/en\/amaranthe-cancela-su-gira-2020-por-america-del-norte\/","title":{"rendered":"Amaranthe cancela su gira 2020 por Am\u00e9rica del Norte"},"content":{"rendered":"<p>Swedish <strong>Amaranthe<\/strong> han decidido cancelar de forma definitiva la gira que ten\u00edan planeada para finales de a\u00f1o en Am\u00e9rica del Norte junto a<strong> Battle beast<\/strong> and <strong>Seven Spires<\/strong>.<\/p>\n\n\n\n<p><em>&#8220;Si bien la cancelaci\u00f3n de nuestra gira por los Estados Unidos probablemente no sea una sorpresa para nadie, ya que la situaci\u00f3n de COVID-19 est\u00e1 lejos de terminar, todav\u00eda es algo realmente devastador para nosotros. Est\u00e1bamos ansiosos por visitar nuevamente su pa\u00eds tras una ausencia de tres a\u00f1os, y a juzgar por la venta de boletos, ustedes tambi\u00e9n lo estaban, \u00a1gracias por su apoyo! Obviamente, volveremos tan pronto como sea posible, as\u00ed que est\u00e9n atentos a nuestras redes y estaremos de vuelta antes de que se den cuenta.<\/em><\/p>\n\n\n\n<div style=\"height:34px\" aria-hidden=\"true\" class=\"wp-block-spacer\"><\/div>\n\n\n\n<figure class=\"wp-block-image size-large\"><img decoding=\"async\" width=\"807\" height=\"960\" loading=\"lazy\" src=\"https:\/\/summainferno.com\/wp-content\/uploads\/2020\/06\/102867369_4449832285042129_146941728173143694_o.jpg\" alt=\"\" class=\"wp-image-35220\" title=\"\" srcset=\"https:\/\/summainferno.com\/wp-content\/uploads\/2020\/06\/102867369_4449832285042129_146941728173143694_o.jpg 807w, https:\/\/summainferno.com\/wp-content\/uploads\/2020\/06\/102867369_4449832285042129_146941728173143694_o-252x300.jpg 252w, https:\/\/summainferno.com\/wp-content\/uploads\/2020\/06\/102867369_4449832285042129_146941728173143694_o-768x914.jpg 768w, https:\/\/summainferno.com\/wp-content\/uploads\/2020\/06\/102867369_4449832285042129_146941728173143694_o-585x696.jpg 585w\" sizes=\"auto, (max-width: 807px) 100vw, 807px\" \/><noscript><img decoding=\"async\" width=\"807\" height=\"960\" src=\"https:\/\/summainferno.com\/wp-content\/uploads\/2020\/06\/102867369_4449832285042129_146941728173143694_o.jpg\" alt=\"\" class=\"wp-image-35220\" title=\"\" srcset=\"https:\/\/summainferno.com\/wp-content\/uploads\/2020\/06\/102867369_4449832285042129_146941728173143694_o.jpg 807w, https:\/\/summainferno.com\/wp-content\/uploads\/2020\/06\/102867369_4449832285042129_146941728173143694_o-252x300.jpg 252w, https:\/\/summainferno.com\/wp-content\/uploads\/2020\/06\/102867369_4449832285042129_146941728173143694_o-768x914.jpg 768w, https:\/\/summainferno.com\/wp-content\/uploads\/2020\/06\/102867369_4449832285042129_146941728173143694_o-585x696.jpg 585w\" sizes=\"(max-width: 807px) 100vw, 807px\" \/><\/noscript><\/figure>\n\n\n\n<div style=\"height:64px\" aria-hidden=\"true\" class=\"wp-block-spacer\"><\/div>\n\n\n\n<p><strong>Amaranthe<\/strong>&nbsp;est\u00e1 de regreso con nuevo material. El sexto \u00e1lbum de la banda sueca est\u00e1 finalizado y estar\u00e1 disponible en el mes de agosto a trav\u00e9s de Nuclear Blast. La banda emiti\u00f3 un comunicado a trav\u00e9s de sus redes sociales, donde confirma que el sucedor de&nbsp;<em>\u2018Helix\u2019<\/em>&nbsp;(2018) est\u00e1 listo.<\/p>\n\n\n\n<p><em>\u00ab\u00a1Nuestro sexto \u00e1lbum est\u00e1 totalmente terminado! El domingo pasado, un grupo selecto de miembros de la prensa y la industria musical tuvieron la oportunidad de escuchar nuestro nuevo material y la respuesta fue asombrosa, as\u00ed que creo que pueden encender sus llamas de emoci\u00f3n a\u00fan m\u00e1s.<\/em><\/p>\n\n\n\n<p><em>Ahora podemos revelar que el \u00e1lbum estar\u00e1 disponible a partir del 28 de agosto y todos los miembros de Amaranthe estamos preparandonos con anticipaci\u00f3n para liberar este monstruo en un mundo desprevenido. \u00a1Est\u00e9n atentos para el disco m\u00e1s monumental y exitoso de Amaranthe hasta la fecha!\u00bb<\/em><\/p>","protected":false},"excerpt":{"rendered":"<p>Los suecos Amaranthe han decidido cancelar de forma definitiva la gira que ten\u00edan planeada para finales de a\u00f1o en Am\u00e9rica del Norte junto a Battle Beast y Seven Spires. &#8220;Si bien la cancelaci\u00f3n de nuestra gira por los Estados Unidos probablemente no sea una sorpresa para nadie, ya que la situaci\u00f3n de COVID-19 est\u00e1 lejos de terminar, todav\u00eda es algo realmente devastador para nosotros. Est\u00e1bamos ansiosos por visitar nuevamente su pa\u00eds tras una ausencia de tres a\u00f1os, y a juzgar [&hellip;]<\/p>\n","protected":false},"author":1,"featured_media":34113,"comment_status":"open","ping_status":"open","sticky":false,"template":"","format":"standard","meta":{"footnotes":""},"categories":[33,260],"tags":[867],"class_list":["post-35219","post","type-post","status-publish","format-standard","has-post-thumbnail","hentry","category-alternativo","category-new","tag-amaranthe"],"_links":{"self":[{"href":"https:\/\/summainferno.com\/en\/wp-json\/wp\/v2\/posts\/35219","targetHints":{"allow":["GET"]}}],"collection":[{"href":"https:\/\/summainferno.com\/en\/wp-json\/wp\/v2\/posts"}],"about":[{"href":"https:\/\/summainferno.com\/en\/wp-json\/wp\/v2\/types\/post"}],"author":[{"embeddable":true,"href":"https:\/\/summainferno.com\/en\/wp-json\/wp\/v2\/users\/1"}],"replies":[{"embeddable":true,"href":"https:\/\/summainferno.com\/en\/wp-json\/wp\/v2\/comments?post=35219"}],"version-history":[{"count":0,"href":"https:\/\/summainferno.com\/en\/wp-json\/wp\/v2\/posts\/35219\/revisions"}],"wp:featuredmedia":[{"embeddable":true,"href":"https:\/\/summainferno.com\/en\/wp-json\/wp\/v2\/media\/34113"}],"wp:attachment":[{"href":"https:\/\/summainferno.com\/en\/wp-json\/wp\/v2\/media?parent=35219"}],"wp:term":[{"taxonomy":"category","embeddable":true,"href":"https:\/\/summainferno.com\/en\/wp-json\/wp\/v2\/categories?post=35219"},{"taxonomy":"post_tag","embeddable":true,"href":"https:\/\/summainferno.com\/en\/wp-json\/wp\/v2\/tags?post=35219"}],"curies":[{"name":"wp","href":"https:\/\/api.w.org\/{rel}","templated":true}]}}