{"id":34195,"date":"2020-05-28T17:29:55","date_gmt":"2020-05-28T23:29:55","guid":{"rendered":"https:\/\/summainferno.com\/?p=34195"},"modified":"2020-05-28T17:29:56","modified_gmt":"2020-05-28T23:29:56","slug":"korn-confirma-las-fechas-de-su-gira-por-europa-en-2021","status":"publish","type":"post","link":"https:\/\/summainferno.com\/en\/korn-confirma-las-fechas-de-su-gira-por-europa-en-2021\/","title":{"rendered":"Korn confirms the dates of his European tour in 2021"},"content":{"rendered":"<p><strong>Korn<\/strong> ha presentado las nuevas fechas de su gira europea, la cual tuvo que ser postergada al 2021 por la pandemia de COVID-19.<\/p>\n\n\n\n<p>Todos los boletos de todas las fechas anunciadas con anterioridad ser\u00e1n totalmente v\u00e1lidos para su equivalente en 2021, por lo que las personas que hayan adquirido un boleto, solo deber\u00e1n presentarlo.<\/p>\n\n\n\n<div style=\"height:21px\" aria-hidden=\"true\" class=\"wp-block-spacer\"><\/div>\n\n\n\n<figure class=\"wp-block-image size-large\"><img decoding=\"async\" width=\"882\" height=\"1024\" loading=\"lazy\" src=\"https:\/\/summainferno.com\/wp-content\/uploads\/2020\/05\/100696909_10158192312110761_3008108602066993152_o-882x1024-1.jpg\" alt=\"\" class=\"wp-image-34196\" title=\"\" srcset=\"https:\/\/summainferno.com\/wp-content\/uploads\/2020\/05\/100696909_10158192312110761_3008108602066993152_o-882x1024-1.jpg 882w, https:\/\/summainferno.com\/wp-content\/uploads\/2020\/05\/100696909_10158192312110761_3008108602066993152_o-882x1024-1-258x300.jpg 258w, https:\/\/summainferno.com\/wp-content\/uploads\/2020\/05\/100696909_10158192312110761_3008108602066993152_o-882x1024-1-768x892.jpg 768w, https:\/\/summainferno.com\/wp-content\/uploads\/2020\/05\/100696909_10158192312110761_3008108602066993152_o-882x1024-1-585x679.jpg 585w\" sizes=\"auto, (max-width: 882px) 100vw, 882px\" \/><noscript><img decoding=\"async\" width=\"882\" height=\"1024\" src=\"https:\/\/summainferno.com\/wp-content\/uploads\/2020\/05\/100696909_10158192312110761_3008108602066993152_o-882x1024-1.jpg\" alt=\"\" class=\"wp-image-34196\" title=\"\" srcset=\"https:\/\/summainferno.com\/wp-content\/uploads\/2020\/05\/100696909_10158192312110761_3008108602066993152_o-882x1024-1.jpg 882w, https:\/\/summainferno.com\/wp-content\/uploads\/2020\/05\/100696909_10158192312110761_3008108602066993152_o-882x1024-1-258x300.jpg 258w, https:\/\/summainferno.com\/wp-content\/uploads\/2020\/05\/100696909_10158192312110761_3008108602066993152_o-882x1024-1-768x892.jpg 768w, https:\/\/summainferno.com\/wp-content\/uploads\/2020\/05\/100696909_10158192312110761_3008108602066993152_o-882x1024-1-585x679.jpg 585w\" sizes=\"(max-width: 882px) 100vw, 882px\" \/><\/noscript><\/figure>","protected":false},"excerpt":{"rendered":"<p>Korn ha presentado las nuevas fechas de su gira europea, la cual tuvo que ser postergada al 2021 por la pandemia de COVID-19. Todos los boletos de todas las fechas anunciadas con anterioridad ser\u00e1n totalmente v\u00e1lidos para su equivalente en 2021, por lo que las personas que hayan adquirido un boleto, solo deber\u00e1n presentarlo.<\/p>","protected":false},"author":1,"featured_media":28718,"comment_status":"open","ping_status":"open","sticky":false,"template":"","format":"standard","meta":{"footnotes":""},"categories":[442,1324,1328,260],"tags":[1100],"class_list":["post-34195","post","type-post","status-publish","format-standard","has-post-thumbnail","hentry","category-nu-metal","category-europa","category-internacional-2","category-new","tag-korn"],"_links":{"self":[{"href":"https:\/\/summainferno.com\/en\/wp-json\/wp\/v2\/posts\/34195","targetHints":{"allow":["GET"]}}],"collection":[{"href":"https:\/\/summainferno.com\/en\/wp-json\/wp\/v2\/posts"}],"about":[{"href":"https:\/\/summainferno.com\/en\/wp-json\/wp\/v2\/types\/post"}],"author":[{"embeddable":true,"href":"https:\/\/summainferno.com\/en\/wp-json\/wp\/v2\/users\/1"}],"replies":[{"embeddable":true,"href":"https:\/\/summainferno.com\/en\/wp-json\/wp\/v2\/comments?post=34195"}],"version-history":[{"count":0,"href":"https:\/\/summainferno.com\/en\/wp-json\/wp\/v2\/posts\/34195\/revisions"}],"wp:featuredmedia":[{"embeddable":true,"href":"https:\/\/summainferno.com\/en\/wp-json\/wp\/v2\/media\/28718"}],"wp:attachment":[{"href":"https:\/\/summainferno.com\/en\/wp-json\/wp\/v2\/media?parent=34195"}],"wp:term":[{"taxonomy":"category","embeddable":true,"href":"https:\/\/summainferno.com\/en\/wp-json\/wp\/v2\/categories?post=34195"},{"taxonomy":"post_tag","embeddable":true,"href":"https:\/\/summainferno.com\/en\/wp-json\/wp\/v2\/tags?post=34195"}],"curies":[{"name":"wp","href":"https:\/\/api.w.org\/{rel}","templated":true}]}}