{"id":33991,"date":"2020-05-21T19:56:45","date_gmt":"2020-05-22T01:56:45","guid":{"rendered":"https:\/\/summainferno.com\/?p=33991"},"modified":"2020-05-22T19:07:54","modified_gmt":"2020-05-23T01:07:54","slug":"tocaremos-un-setlist-de-los-primeros-discos-exclusivo-para-candelabrum-fest-dah-dies-irae","status":"publish","type":"post","link":"https:\/\/summainferno.com\/en\/tocaremos-un-setlist-de-los-primeros-discos-exclusivo-para-candelabrum-fest-dah-dies-irae\/","title":{"rendered":"&quot;We will play a setlist of the first albums exclusively for Candelabrum Fest&quot;: Dah, Dies Irae"},"content":{"rendered":"<p><strong>Dies Irae<\/strong> is a mexican band from <em>Doom metal<\/em> cult with many years of being present on the scene. Their work has led them to be known beyond our borders with excellent acceptance. On the eve of his next special presentation at the <strong>Candelabrum Fest<\/strong> we could talk a little with <strong>Dah<\/strong>, vocalist and guitarist of the band.<\/p>\n\n\n\n<div style=\"height:26px\" aria-hidden=\"true\" class=\"wp-block-spacer\"><\/div>\n\n\n\n<figure class=\"wp-block-image alignfull size-large\"><img decoding=\"async\" width=\"720\" height=\"501\" loading=\"lazy\" src=\"https:\/\/summainferno.com\/wp-content\/uploads\/2020\/05\/agony-lords-dies-irae-ab-imo-pectore-unions..jpg\" alt=\"\" class=\"wp-image-34015\" title=\"\" srcset=\"https:\/\/summainferno.com\/wp-content\/uploads\/2020\/05\/agony-lords-dies-irae-ab-imo-pectore-unions..jpg 720w, https:\/\/summainferno.com\/wp-content\/uploads\/2020\/05\/agony-lords-dies-irae-ab-imo-pectore-unions.-300x209.jpg 300w, https:\/\/summainferno.com\/wp-content\/uploads\/2020\/05\/agony-lords-dies-irae-ab-imo-pectore-unions.-585x407.jpg 585w\" sizes=\"auto, (max-width: 720px) 100vw, 720px\" \/><noscript><img decoding=\"async\" width=\"720\" height=\"501\" src=\"https:\/\/summainferno.com\/wp-content\/uploads\/2020\/05\/agony-lords-dies-irae-ab-imo-pectore-unions..jpg\" alt=\"\" class=\"wp-image-34015\" title=\"\" srcset=\"https:\/\/summainferno.com\/wp-content\/uploads\/2020\/05\/agony-lords-dies-irae-ab-imo-pectore-unions..jpg 720w, https:\/\/summainferno.com\/wp-content\/uploads\/2020\/05\/agony-lords-dies-irae-ab-imo-pectore-unions.-300x209.jpg 300w, https:\/\/summainferno.com\/wp-content\/uploads\/2020\/05\/agony-lords-dies-irae-ab-imo-pectore-unions.-585x407.jpg 585w\" sizes=\"(max-width: 720px) 100vw, 720px\" \/><\/noscript><\/figure>\n\n\n\n<div style=\"height:26px\" aria-hidden=\"true\" class=\"wp-block-spacer\"><\/div>\n\n\n\n<p><strong>Tell us a little about the concept of the band for those who do not know them yet<\/strong><\/p>\n\n\n\n<p>The project started around 1991 and four discs have been recorded in total; each one of them with a very good acceptance not only in Mexico but worldwide. As for our sound, it is difficult to label ourselves in a single concept.In general we could say that we are a metal band, because for example on our first album we sounded very <em>Doom Metal,<\/em> then we implemented a heavier and merged sound, to finally in our last stage lean towards a more experimental sound. <\/p>\n\n\n\n<p><strong>In the description of his facebook we can find the definition <em>&#8220;Sad Doom Metal&#8221;<\/em> Is sadness a good muse for lyrics and melodies? <\/strong><\/p>\n\n\n\n<p>He <em>Doom metal<\/em> in a way <em>default<\/em> It is considered sad music, although for example on our album <em>&#8220;Etherial&#8221;<\/em> there are actually very joyous moments in some of the songs. However, I know that in our work minor scales predominate, which are usually associated with feelings such as sadness. I have to confess that I&#039;m a pop fan that bands like <strong>Depeche Mode<\/strong>, with that sadness, melancholy and darkness that they manage; reason why that influence can perhaps be reflected in the work of the band. <\/p>\n\n\n\n<p><strong>\u00bfCual es la historia detr\u00e1s del re-lanzamiento de &#8220;Ab Imo Pectore&#8221;, uno de sus trabajos m\u00e1s importantes?<\/strong><\/p>\n\n\n\n<p>Our albums were released many years ago, and then suddenly some labels began to contact us interested in reissuing our works. The key point was when we recovered our original recordings and then we decided to reissue them with the new technological tools to give away better sound. <em>&#8220;Etherial&#8221;<\/em> for example it was released through <strong>Exhumed Records<\/strong> y distribuido en su nuevo lanzamiento en Europa y algunas otras partes del mundo. En el caso de &#8220;<em>Ab Imo Pectore<\/em>&#8221; decidimos re-lanzarlo solo en M\u00e9xico porque es el disco digamos consentido entre nuestros seguidores nacionales, pero hay planes de hecho de ampliar la distribuci\u00f3n a otros lugares. <\/p>\n\n\n\n<div style=\"height:33px\" aria-hidden=\"true\" class=\"wp-block-spacer\"><\/div>\n\n\n\n<figure class=\"wp-block-image alignfull size-large\"><img decoding=\"async\" width=\"720\" height=\"477\" loading=\"lazy\" src=\"https:\/\/summainferno.com\/wp-content\/uploads\/2020\/05\/dies-irae-etherial-cd-melodic-death-metal-mexico-.jpg\" alt=\"\" class=\"wp-image-34016\" title=\"\" srcset=\"https:\/\/summainferno.com\/wp-content\/uploads\/2020\/05\/dies-irae-etherial-cd-melodic-death-metal-mexico-.jpg 720w, https:\/\/summainferno.com\/wp-content\/uploads\/2020\/05\/dies-irae-etherial-cd-melodic-death-metal-mexico--300x199.jpg 300w, https:\/\/summainferno.com\/wp-content\/uploads\/2020\/05\/dies-irae-etherial-cd-melodic-death-metal-mexico--585x388.jpg 585w, https:\/\/summainferno.com\/wp-content\/uploads\/2020\/05\/dies-irae-etherial-cd-melodic-death-metal-mexico--263x175.jpg 263w\" sizes=\"auto, (max-width: 720px) 100vw, 720px\" \/><noscript><img decoding=\"async\" width=\"720\" height=\"477\" src=\"https:\/\/summainferno.com\/wp-content\/uploads\/2020\/05\/dies-irae-etherial-cd-melodic-death-metal-mexico-.jpg\" alt=\"\" class=\"wp-image-34016\" title=\"\" srcset=\"https:\/\/summainferno.com\/wp-content\/uploads\/2020\/05\/dies-irae-etherial-cd-melodic-death-metal-mexico-.jpg 720w, https:\/\/summainferno.com\/wp-content\/uploads\/2020\/05\/dies-irae-etherial-cd-melodic-death-metal-mexico--300x199.jpg 300w, https:\/\/summainferno.com\/wp-content\/uploads\/2020\/05\/dies-irae-etherial-cd-melodic-death-metal-mexico--585x388.jpg 585w, https:\/\/summainferno.com\/wp-content\/uploads\/2020\/05\/dies-irae-etherial-cd-melodic-death-metal-mexico--263x175.jpg 263w\" sizes=\"(max-width: 720px) 100vw, 720px\" \/><\/noscript><\/figure>\n\n\n\n<div style=\"height:33px\" aria-hidden=\"true\" class=\"wp-block-spacer\"><\/div>\n\n\n\n<p><strong>In your networks we also read that the band would work on new material in 2020. How did the current situation affect you for that objective?<\/strong><\/p>\n\n\n\n<p>Talking about this in particular I tell you: we were working on the <em>setlist<\/em> what we prepare for him <strong>Candelabrum Fest<\/strong>, since although I have been active playing in other projects some members such as <strong>Charles<\/strong> -our original bassist- no. So we were fully involved in it and after that we would work on the new material, but with the question of quarantine we made the decision not to play with our health and respect the measures, and we stopped the plans to record the new. The current plan is to continue rehearsing and come to the festival with everything and give a great performance, so that once the commitment is over, we will get to work on that new album.<\/p>\n\n\n\n<p><strong>Speaking of the Candelabrum Fest: tell us a bit about your expectations for this appearance<\/strong><\/p>\n\n\n\n<p>It is the first festival in Le\u00f3n of such magnitude and my opinion has always been that Le\u00f3n is an ideal city for concerts; It is in the center of the country and has all the infrastructure for events of that caliber. The poster is impressive and it is an honor for us to be there. We gave ourselves the task of seeing what the other bands are going to bring and for example<strong> Serious <\/strong>plans to bring a <em>setlist<\/em> pure old school, so we also thought to put together a special selection with pure themes from the first albums, for those fans of yesteryear. Our subsequent presentations will mix the new and the old but this selection <em>&#8220;old school&#8221;<\/em> we will only play it exclusively for <strong>Candelabrum<\/strong>.<\/p>\n\n\n\n<p><strong>Which of the other bands on the poster do you find the most attractive?<\/strong><\/p>\n\n\n\n<p>I had the chance to see <strong>Shining <\/strong>many years ago and it really is a band that will leave you speechless. I know that <strong>Moonspell<\/strong> and other bands present are also great but I think <strong>Shining<\/strong> It is undoubtedly the highlight of the poster. I have to confess that I have stayed a bit away from new releases or recent things in metal and I am someone who usually listens more to his old records, but without a doubt the poster that he offers <strong>Candelabrum<\/strong> it&#039;s pretty good in its entirety. <\/p>\n\n\n\n<div style=\"height:33px\" aria-hidden=\"true\" class=\"wp-block-spacer\"><\/div>\n\n\n\n<figure class=\"wp-block-image alignfull size-large\"><img decoding=\"async\" width=\"684\" height=\"960\" loading=\"lazy\" src=\"https:\/\/summainferno.com\/wp-content\/uploads\/2020\/05\/97143340_270131631041999_5981748429431242752_o.jpg\" alt=\"\" class=\"wp-image-34017\" title=\"\" srcset=\"https:\/\/summainferno.com\/wp-content\/uploads\/2020\/05\/97143340_270131631041999_5981748429431242752_o.jpg 684w, https:\/\/summainferno.com\/wp-content\/uploads\/2020\/05\/97143340_270131631041999_5981748429431242752_o-214x300.jpg 214w, https:\/\/summainferno.com\/wp-content\/uploads\/2020\/05\/97143340_270131631041999_5981748429431242752_o-585x821.jpg 585w\" sizes=\"auto, (max-width: 684px) 100vw, 684px\" \/><noscript><img decoding=\"async\" width=\"684\" height=\"960\" src=\"https:\/\/summainferno.com\/wp-content\/uploads\/2020\/05\/97143340_270131631041999_5981748429431242752_o.jpg\" alt=\"\" class=\"wp-image-34017\" title=\"\" srcset=\"https:\/\/summainferno.com\/wp-content\/uploads\/2020\/05\/97143340_270131631041999_5981748429431242752_o.jpg 684w, https:\/\/summainferno.com\/wp-content\/uploads\/2020\/05\/97143340_270131631041999_5981748429431242752_o-214x300.jpg 214w, https:\/\/summainferno.com\/wp-content\/uploads\/2020\/05\/97143340_270131631041999_5981748429431242752_o-585x821.jpg 585w\" sizes=\"(max-width: 684px) 100vw, 684px\" \/><\/noscript><\/figure>","protected":false},"excerpt":{"rendered":"<p>Dies Irae es una banda mexicana de Doom Metal de culto con muchos a\u00f1os ya de estar presente en la escena. Su trabajo los ha llevado a ser conocidos mas all\u00e1 de nuestras fronteras con excelente aceptaci\u00f3n. En v\u00edsperas de su pr\u00f3xima presentaci\u00f3n especial en el Candelabrum Fest pudimos platicar un poco con Dah, vocalista y guitarrista de la banda. H\u00e1blanos un poco del concepto de la banda para quienes no los conocen a\u00fan El proyecto inici\u00f3 por ah\u00ed del [&hellip;]<\/p>\n","protected":false},"author":9,"featured_media":34014,"comment_status":"open","ping_status":"open","sticky":false,"template":"","format":"standard","meta":{"footnotes":""},"categories":[445,3016,2095,464,300],"tags":[3017,3196],"class_list":["post-33991","post","type-post","status-publish","format-standard","has-post-thumbnail","hentry","category-entrevistas","category-candelabrum-metal-fest","category-doom-metal","category-festivales","category-metal-mx","tag-candelabrum","tag-dies-irae"],"_links":{"self":[{"href":"https:\/\/summainferno.com\/en\/wp-json\/wp\/v2\/posts\/33991","targetHints":{"allow":["GET"]}}],"collection":[{"href":"https:\/\/summainferno.com\/en\/wp-json\/wp\/v2\/posts"}],"about":[{"href":"https:\/\/summainferno.com\/en\/wp-json\/wp\/v2\/types\/post"}],"author":[{"embeddable":true,"href":"https:\/\/summainferno.com\/en\/wp-json\/wp\/v2\/users\/9"}],"replies":[{"embeddable":true,"href":"https:\/\/summainferno.com\/en\/wp-json\/wp\/v2\/comments?post=33991"}],"version-history":[{"count":0,"href":"https:\/\/summainferno.com\/en\/wp-json\/wp\/v2\/posts\/33991\/revisions"}],"wp:featuredmedia":[{"embeddable":true,"href":"https:\/\/summainferno.com\/en\/wp-json\/wp\/v2\/media\/34014"}],"wp:attachment":[{"href":"https:\/\/summainferno.com\/en\/wp-json\/wp\/v2\/media?parent=33991"}],"wp:term":[{"taxonomy":"category","embeddable":true,"href":"https:\/\/summainferno.com\/en\/wp-json\/wp\/v2\/categories?post=33991"},{"taxonomy":"post_tag","embeddable":true,"href":"https:\/\/summainferno.com\/en\/wp-json\/wp\/v2\/tags?post=33991"}],"curies":[{"name":"wp","href":"https:\/\/api.w.org\/{rel}","templated":true}]}}