{"id":33847,"date":"2020-05-15T12:47:12","date_gmt":"2020-05-15T18:47:12","guid":{"rendered":"http:\/\/summainferno.com\/?p=33847"},"modified":"2020-05-15T12:48:06","modified_gmt":"2020-05-15T18:48:06","slug":"monjas-quieren-hacer-misa-publica-y-las-callan-con-engel-de-rammstein","status":"publish","type":"post","link":"https:\/\/summainferno.com\/en\/monjas-quieren-hacer-misa-publica-y-las-callan-con-engel-de-rammstein\/","title":{"rendered":"Monjas quieren hacer misa p\u00fablica&#8230; y las callan con  &#8216;Engel&#8217; de Rammstein"},"content":{"rendered":"<p>Un peculiar incidente ocurri\u00f3 en las calles de Bogot\u00e1, Colombia. Dos monjas subieron al techo de una casa de la capital colombiana para intentar dar misa p\u00fablica a trav\u00e9s de un parlante, situaci\u00f3n que incomod\u00f3 a varios de los habitantes de las casas cercanas al argumentar que las mujeres no ten\u00edan ning\u00fan derecho ha intentar imponer su ideolog\u00eda religiosa.<\/p>\n\n\n\n<p>La situaci\u00f3n tom\u00f3 un nuevo giro cuando uno de los inconformes decidi\u00f3 tomar las cosas en sus manos y enfrentar la misa con m\u00fasica, incluyendo el tema <em>&#8216;Engel&#8217;<\/em> de los alemanes <strong>Rammstein<\/strong>, logrando que las dos mujeres se dieran por vencidas y abortaran la misi\u00f3n. El video se volvi\u00f3 viral en las redes.<\/p>\n\n\n\n<div style=\"height:47px\" aria-hidden=\"true\" class=\"wp-block-spacer\"><\/div>\n\n\n\n<figure class=\"wp-block-embed-youtube wp-block-embed is-type-video is-provider-youtube wp-embed-aspect-16-9 wp-has-aspect-ratio\"><div class=\"wp-block-embed__wrapper\">\nhttps:\/\/www.youtube.com\/watch?v=I3VcuUyfEbw\n<\/div><\/figure>\n\n\n\n<div style=\"height:20px\" aria-hidden=\"true\" class=\"wp-block-spacer\"><\/div>","protected":false},"excerpt":{"rendered":"<p>Un peculiar incidente ocurri\u00f3 en las calles de Bogot\u00e1, Colombia. Dos monjas subieron al techo de una casa de la capital colombiana para intentar dar misa p\u00fablica a trav\u00e9s de un parlante, situaci\u00f3n que incomod\u00f3 a varios de los habitantes de las casas cercanas al argumentar que las mujeres no ten\u00edan ning\u00fan derecho ha intentar imponer su ideolog\u00eda religiosa. La situaci\u00f3n tom\u00f3 un nuevo giro cuando uno de los inconformes decidi\u00f3 tomar las cosas en sus manos y enfrentar la [&hellip;]<\/p>\n","protected":false},"author":1,"featured_media":27174,"comment_status":"open","ping_status":"open","sticky":false,"template":"","format":"standard","meta":{"footnotes":""},"categories":[299],"tags":[278],"class_list":["post-33847","post","type-post","status-publish","format-standard","has-post-thumbnail","hentry","category-extra","tag-rammstein"],"_links":{"self":[{"href":"https:\/\/summainferno.com\/en\/wp-json\/wp\/v2\/posts\/33847","targetHints":{"allow":["GET"]}}],"collection":[{"href":"https:\/\/summainferno.com\/en\/wp-json\/wp\/v2\/posts"}],"about":[{"href":"https:\/\/summainferno.com\/en\/wp-json\/wp\/v2\/types\/post"}],"author":[{"embeddable":true,"href":"https:\/\/summainferno.com\/en\/wp-json\/wp\/v2\/users\/1"}],"replies":[{"embeddable":true,"href":"https:\/\/summainferno.com\/en\/wp-json\/wp\/v2\/comments?post=33847"}],"version-history":[{"count":0,"href":"https:\/\/summainferno.com\/en\/wp-json\/wp\/v2\/posts\/33847\/revisions"}],"wp:featuredmedia":[{"embeddable":true,"href":"https:\/\/summainferno.com\/en\/wp-json\/wp\/v2\/media\/27174"}],"wp:attachment":[{"href":"https:\/\/summainferno.com\/en\/wp-json\/wp\/v2\/media?parent=33847"}],"wp:term":[{"taxonomy":"category","embeddable":true,"href":"https:\/\/summainferno.com\/en\/wp-json\/wp\/v2\/categories?post=33847"},{"taxonomy":"post_tag","embeddable":true,"href":"https:\/\/summainferno.com\/en\/wp-json\/wp\/v2\/tags?post=33847"}],"curies":[{"name":"wp","href":"https:\/\/api.w.org\/{rel}","templated":true}]}}