{"id":33647,"date":"2020-05-06T22:22:22","date_gmt":"2020-05-07T04:22:22","guid":{"rendered":"http:\/\/summainferno.com\/?p=33647"},"modified":"2020-05-06T22:22:31","modified_gmt":"2020-05-07T04:22:31","slug":"el-guitarrista-marcos-rodriguez-deja-rage","status":"publish","type":"post","link":"https:\/\/summainferno.com\/en\/el-guitarrista-marcos-rodriguez-deja-rage\/","title":{"rendered":"El guitarrista Marcos Rodriguez deja RAGE"},"content":{"rendered":"<p><strong>Rage <\/strong>ha anunciado oficialmente cambio en su alineaci\u00f3n. El guitarrista <strong>Marcos Rodriguez<\/strong> ha dejado la banda alegando razones &#8220;personales y privadas&#8221;, sin ahondar demasiado en la motivaci\u00f3n detr\u00e1s de su renuncia. La informaci\u00f3n fue dada por el bajista y lider de Rage, <strong>Peter &#8220;Peavy&#8221; Wagner<\/strong>.<\/p>\n\n\n\n<p><em>&#8220;Hola Rageheads, hay algunos cambios en las filas de Rage que quiero informarles. Nuestro amigo y guitarrista Marcos Rodr\u00edguez ya no formar\u00e1 parte de Rage debido a razones personales y privadas, totalmente necesarias para \u00e9l para poder seguir adelante. No hay malos sentimientos ni discusiones entre nosotros; seguiremos siendo amigos y seguramente seguiremos haciendo m\u00fasica juntos un poco m\u00e1s &#8220;tras bambalinas. La vida est\u00e1 cambiando constantemente y as\u00ed es para nosotros. Solo quiero lo mejor para mis amigos, acepto su decisi\u00f3n y le deseo todo lo mejor para su futuro, igual que todos los dem\u00e1s miembros de Rage.&#8221;<\/em><\/p>\n\n\n\n<p><strong>Peavy<\/strong> continu\u00f3 ofreciendo m\u00e1s ideas sobre lo que puede deparar el futuro para la banda, afirmando:<\/p>\n\n\n\n<p><em>&#8220;\u00a1Igualmente, estoy planeando el futuro de Rage! \u00a1Estoy pensando en mejorar la banda y tener una alineaci\u00f3n de cuatro integrantes y contar con dos guitarristas a mi lado! Mi visi\u00f3n es conseguir una alineaci\u00f3n perfecta y conseguir regresar al sonido que caracteriz\u00f3 a Rage en los 90. Queden atentos a las pr\u00f3ximas noticias y mant\u00e9nganse sanos para que podamos celebrar nuestra m\u00fasica y canciones favoritas tan pronto como la crisis del coronavirus est\u00e9 bajo control.&#8221;<\/em><\/p>\n\n\n\n<div style=\"height:42px\" aria-hidden=\"true\" class=\"wp-block-spacer\"><\/div>\n\n\n\n<figure class=\"wp-block-embed-youtube wp-block-embed is-type-video is-provider-youtube wp-embed-aspect-16-9 wp-has-aspect-ratio\"><div class=\"wp-block-embed__wrapper\">\n<iframe class=\"zeen-lazy-load-base zeen-lazy-load\" title=\"My statement about leaving Rage \ud83d\udc94\" width=\"1200\" height=\"675\" src=\"about:blank\" data-lazy-src=\"https:\/\/www.youtube.com\/embed\/fAdllwfOVaQ?feature=oembed\" frameborder=\"0\" allow=\"accelerometer; autoplay; clipboard-write; encrypted-media; gyroscope; picture-in-picture\" allowfullscreen><\/iframe><noscript><iframe title=\"My statement about leaving Rage \ud83d\udc94\" width=\"1200\" height=\"675\" src=\"https:\/\/www.youtube.com\/embed\/fAdllwfOVaQ?feature=oembed\" frameborder=\"0\" allow=\"accelerometer; autoplay; clipboard-write; encrypted-media; gyroscope; picture-in-picture\" allowfullscreen><\/iframe><\/noscript>\n<\/div><\/figure>","protected":false},"excerpt":{"rendered":"<p>Rage ha anunciado oficialmente cambio en su alineaci\u00f3n. El guitarrista Marcos Rodriguez ha dejado la banda alegando razones &#8220;personales y privadas&#8221;, sin ahondar demasiado en la motivaci\u00f3n detr\u00e1s de su renuncia. La informaci\u00f3n fue dada por el bajista y lider de Rage, Peter &#8220;Peavy&#8221; Wagner. &#8220;Hola Rageheads, hay algunos cambios en las filas de Rage que quiero informarles. Nuestro amigo y guitarrista Marcos Rodr\u00edguez ya no formar\u00e1 parte de Rage debido a razones personales y privadas, totalmente necesarias para \u00e9l [&hellip;]<\/p>\n","protected":false},"author":1,"featured_media":33649,"comment_status":"open","ping_status":"open","sticky":false,"template":"","format":"standard","meta":{"footnotes":""},"categories":[171,260],"tags":[1259],"class_list":["post-33647","post","type-post","status-publish","format-standard","has-post-thumbnail","hentry","category-heavy-metal","category-new","tag-rage"],"_links":{"self":[{"href":"https:\/\/summainferno.com\/en\/wp-json\/wp\/v2\/posts\/33647","targetHints":{"allow":["GET"]}}],"collection":[{"href":"https:\/\/summainferno.com\/en\/wp-json\/wp\/v2\/posts"}],"about":[{"href":"https:\/\/summainferno.com\/en\/wp-json\/wp\/v2\/types\/post"}],"author":[{"embeddable":true,"href":"https:\/\/summainferno.com\/en\/wp-json\/wp\/v2\/users\/1"}],"replies":[{"embeddable":true,"href":"https:\/\/summainferno.com\/en\/wp-json\/wp\/v2\/comments?post=33647"}],"version-history":[{"count":0,"href":"https:\/\/summainferno.com\/en\/wp-json\/wp\/v2\/posts\/33647\/revisions"}],"wp:featuredmedia":[{"embeddable":true,"href":"https:\/\/summainferno.com\/en\/wp-json\/wp\/v2\/media\/33649"}],"wp:attachment":[{"href":"https:\/\/summainferno.com\/en\/wp-json\/wp\/v2\/media?parent=33647"}],"wp:term":[{"taxonomy":"category","embeddable":true,"href":"https:\/\/summainferno.com\/en\/wp-json\/wp\/v2\/categories?post=33647"},{"taxonomy":"post_tag","embeddable":true,"href":"https:\/\/summainferno.com\/en\/wp-json\/wp\/v2\/tags?post=33647"}],"curies":[{"name":"wp","href":"https:\/\/api.w.org\/{rel}","templated":true}]}}