{"id":33158,"date":"2020-04-17T11:26:34","date_gmt":"2020-04-17T17:26:34","guid":{"rendered":"http:\/\/summainferno.com\/?p=33158"},"modified":"2020-04-17T11:26:37","modified_gmt":"2020-04-17T17:26:37","slug":"die-kreatur-lanza-video-para-su-nuevo-single-kalter-als-der-tod","status":"publish","type":"post","link":"https:\/\/summainferno.com\/en\/die-kreatur-lanza-video-para-su-nuevo-single-kalter-als-der-tod\/","title":{"rendered":"DIE KREATUR releases video for their new single &#039;K\u00e4lter Als Der Tod&#039;"},"content":{"rendered":"<p><strong>DIE KREATUR<\/strong>, band made up of <strong>Dero Goi<\/strong> <em>(OOMPH!)<\/em> and <strong>Chris Harms<\/strong><em> (Lord Of The Lost)<\/em> they just released their single  <em>&#8220;K\u00e4lter als der Tod&#8221;<\/em>, which belongs to his next album<em> &#039;Panoptikum&#039;<\/em>, which will launch on May 22 through<strong> Napalm Records. <\/strong><\/p>\n\n\n\n<blockquote class=\"wp-block-quote is-layout-flow wp-block-quote-is-layout-flow\"><p>&#8220;K\u00e4lter als der Tod&#8221; refleja la inclinaci\u00f3n de muchos j\u00f3venes a sentirse atra\u00eddos por el peligro y el consiguiente distanciamiento de la autoridad parental. El anhelo de la confrontaci\u00f3n con la fugacidad y el sentimiento resultante de uno mismo y la preciosidad de la vida son los motivos principales de esta canci\u00f3n. Prestamos especial atenci\u00f3n al miedo de los padres que tienen dificultades para liberar a sus hijos adultos en un mundo que es inherentemente amenazante. La supuesta contradicci\u00f3n entre miedo y confianza, libertad y compulsi\u00f3n, as\u00ed como la responsabilidad personal y la sobreprotecci\u00f3n se hacen evidentes en esta canci\u00f3n&#8221;.<\/p><cite>Dero and Chris mentioned about the single<\/cite><\/blockquote>\n\n\n\n<div style=\"height:20px\" aria-hidden=\"true\" class=\"wp-block-spacer\"><\/div>\n\n\n\n<figure class=\"wp-block-embed-youtube wp-block-embed is-type-video is-provider-youtube wp-embed-aspect-16-9 wp-has-aspect-ratio\"><div class=\"wp-block-embed__wrapper\">\n<iframe class=\"zeen-lazy-load-base zeen-lazy-load\" title=\"DIE KREATUR - K\u00e4lter Als Der Tod (Official Video) | Napalm Records\" width=\"1200\" height=\"675\" src=\"about:blank\" data-lazy-src=\"https:\/\/www.youtube.com\/embed\/CwI93zOZSAE?feature=oembed\" frameborder=\"0\" allow=\"accelerometer; autoplay; clipboard-write; encrypted-media; gyroscope; picture-in-picture\" allowfullscreen><\/iframe><noscript><iframe title=\"DIE KREATUR - K\u00e4lter Als Der Tod (Official Video) | Napalm Records\" width=\"1200\" height=\"675\" src=\"https:\/\/www.youtube.com\/embed\/CwI93zOZSAE?feature=oembed\" frameborder=\"0\" allow=\"accelerometer; autoplay; clipboard-write; encrypted-media; gyroscope; picture-in-picture\" allowfullscreen><\/iframe><\/noscript>\n<\/div><\/figure>\n\n\n\n<div style=\"height:20px\" aria-hidden=\"true\" class=\"wp-block-spacer\"><\/div>\n\n\n\n<p><strong><em>&#039;Panoptikum&#039;<\/em><\/strong> &#8211;<strong>tracklist<\/strong><\/p>\n\n\n\n<ol class=\"wp-block-list\"><li>Die Kreatur<\/li><li>K\u00e4lter Als Der Tod<\/li><li>Unzertrennlich<\/li><li>Durch Die Nacht<\/li><li>Zwei 100%<\/li><li>Schlafes Braut<\/li><li>Untergang<\/li><li>Mensch \/ Maschine<\/li><li>Was Mir Am Wichtigsten Ist<\/li><li>Benutz Mich<\/li><li>Gl\u00fcck Auf!<\/li><li>Gott Verdammt<\/li><li>Bonus 1: Goldener Reiter<\/li><li>Bonus 2: Die Kreatur (Faderhead Remix)<\/li><li>Bonus 3: K\u00e4lter Als Der Tod (Solar Fake Remix)<\/li><\/ol>\n\n\n\n<figure class=\"wp-block-image\"><img decoding=\"async\" loading=\"lazy\" src=\"https:\/\/files.constantcontact.com\/0607896e001\/88f3530e-4116-4463-8cd4-614c6bf6a011.png\" alt=\"\" title=\"\"><noscript><img decoding=\"async\" src=\"https:\/\/files.constantcontact.com\/0607896e001\/88f3530e-4116-4463-8cd4-614c6bf6a011.png\" alt=\"\" title=\"\"><\/noscript><\/figure>","protected":false},"excerpt":{"rendered":"<p>Check out the new Die Kreatur video!<\/p>","protected":false},"author":11,"featured_media":33161,"comment_status":"open","ping_status":"open","sticky":false,"template":"","format":"standard","meta":{"footnotes":""},"categories":[1988,260,2],"tags":[3132,3133],"class_list":["post-33158","post","type-post","status-publish","format-standard","has-post-thumbnail","hentry","category-goth-rock","category-new","category-rock","tag-chris-harms","tag-die-kreatur"],"_links":{"self":[{"href":"https:\/\/summainferno.com\/en\/wp-json\/wp\/v2\/posts\/33158","targetHints":{"allow":["GET"]}}],"collection":[{"href":"https:\/\/summainferno.com\/en\/wp-json\/wp\/v2\/posts"}],"about":[{"href":"https:\/\/summainferno.com\/en\/wp-json\/wp\/v2\/types\/post"}],"author":[{"embeddable":true,"href":"https:\/\/summainferno.com\/en\/wp-json\/wp\/v2\/users\/11"}],"replies":[{"embeddable":true,"href":"https:\/\/summainferno.com\/en\/wp-json\/wp\/v2\/comments?post=33158"}],"version-history":[{"count":0,"href":"https:\/\/summainferno.com\/en\/wp-json\/wp\/v2\/posts\/33158\/revisions"}],"wp:featuredmedia":[{"embeddable":true,"href":"https:\/\/summainferno.com\/en\/wp-json\/wp\/v2\/media\/33161"}],"wp:attachment":[{"href":"https:\/\/summainferno.com\/en\/wp-json\/wp\/v2\/media?parent=33158"}],"wp:term":[{"taxonomy":"category","embeddable":true,"href":"https:\/\/summainferno.com\/en\/wp-json\/wp\/v2\/categories?post=33158"},{"taxonomy":"post_tag","embeddable":true,"href":"https:\/\/summainferno.com\/en\/wp-json\/wp\/v2\/tags?post=33158"}],"curies":[{"name":"wp","href":"https:\/\/api.w.org\/{rel}","templated":true}]}}