{"id":32728,"date":"2020-03-20T16:41:16","date_gmt":"2020-03-20T16:41:16","guid":{"rendered":"http:\/\/summainferno.com\/?p=32728"},"modified":"2020-03-20T16:41:19","modified_gmt":"2020-03-20T16:41:19","slug":"die-kreatur-hace-su-debut-con-sencillo-homonimo","status":"publish","type":"post","link":"https:\/\/summainferno.com\/en\/die-kreatur-hace-su-debut-con-sencillo-homonimo\/","title":{"rendered":"Die Kreatur makes debut with self-titled single"},"content":{"rendered":"<p><strong>Dero<\/strong> <strong>Goi<\/strong> of <strong>Oomph!<\/strong> and <strong>Chris Harms <\/strong>of <strong>Lord of the Lost <\/strong>they have a new baby. His name is <strong>Die Kreatur<\/strong> and will release their debut album <strong><em>&#039;Panoptikum&#039; <\/em><\/strong>next May 22 through Napalm Records. You can already preorder it,<a href=\"https:\/\/smarturl.it\/DieKreaturPanoptikum\" target=\"_blank\" rel=\"noopener\"> here<\/a>. It is available in CD, vinyl and boxset formats.<\/p>\n\n\n\n<p>Below you can see the first video of the band, self-titled and directed by <strong>VDPictures<\/strong>.<\/p>\n\n\n\n<p><em>&#8220;Panoptikum viene junto a un oscuro arco de suspenso que lleva al oyente a los callejones sombr\u00edos y sinuosos de la d\u00e9cada de 1920, donde se encontrar\u00e1 con monstruos y criaturas de todo tipo. Sin embargo, el verdadero mal no les espera en las horribles criaturas que se exhiben en Panoptikum, sino detr\u00e1s de la fachada del ciudadano normal y respetable que se deleita en su espantosa apariencia. Panoptikum es el reflejo despiadado de una sociedad decadente, autocomplaciente y saciada. \u00bfPodremos soportar nuestra propia cara cruel?&#8221; <\/em>they say <strong>Dero<\/strong> and <strong>Chris<\/strong> about your new material.<\/p>\n\n\n\n<div style=\"height:47px\" aria-hidden=\"true\" class=\"wp-block-spacer\"><\/div>\n\n\n\n<figure class=\"wp-block-embed-youtube wp-block-embed is-type-video is-provider-youtube wp-embed-aspect-16-9 wp-has-aspect-ratio\"><div class=\"wp-block-embed__wrapper\">\n<iframe class=\"zeen-lazy-load-base zeen-lazy-load\" title=\"DIE KREATUR - DIE KREATUR (Official Video) | Napalm Records\" width=\"1200\" height=\"675\" src=\"about:blank\" data-lazy-src=\"https:\/\/www.youtube.com\/embed\/BC8ZlfEvySs?feature=oembed\" frameborder=\"0\" allow=\"accelerometer; autoplay; clipboard-write; encrypted-media; gyroscope; picture-in-picture\" allowfullscreen><\/iframe><noscript><iframe title=\"DIE KREATUR - DIE KREATUR (Official Video) | Napalm Records\" width=\"1200\" height=\"675\" src=\"https:\/\/www.youtube.com\/embed\/BC8ZlfEvySs?feature=oembed\" frameborder=\"0\" allow=\"accelerometer; autoplay; clipboard-write; encrypted-media; gyroscope; picture-in-picture\" allowfullscreen><\/iframe><\/noscript>\n<\/div><\/figure>\n\n\n\n<div style=\"height:29px\" aria-hidden=\"true\" class=\"wp-block-spacer\"><\/div>\n\n\n\n<hr class=\"wp-block-separator is-style-wide\"\/>\n\n\n\n<p><strong><em>&#039;Die Kreatur&#039; <\/em>- Tracklist:<\/strong><\/p>\n\n\n\n<p>1. Die Kreatur<br>2. K\u00e4lter Als Der Tod<br>3. Unzertrennlich<br>4. Durch Die Nacht<br>5. Zwei 100%<br>6. Schlafes Braut<br>7. Untergang<br>8. Mensch \/ Maschine<br>9. Was Mir Am Wichtigsten Ist<br>10. Benutz Mich<br>11. Gl\u00fcck Auf!<br>12. Gott Verdammt<\/p>\n\n\n\n<p><strong>Bonustracks:<br><\/strong>13. Goldener Reiter<br>14. DIE KREATUR (Faderhead Remix)&nbsp;<br>15. K\u00e4lter Als Der Tod (Solar Fake Remix)<\/p>\n\n\n\n<hr class=\"wp-block-separator is-style-wide\"\/>\n\n\n\n<div style=\"height:45px\" aria-hidden=\"true\" class=\"wp-block-spacer\"><\/div>\n\n\n\n<figure class=\"wp-block-image size-large\"><img decoding=\"async\" width=\"1024\" height=\"1024\" loading=\"lazy\" src=\"http:\/\/summainferno.com\/wp-content\/uploads\/2020\/03\/a1414777926_10-1024x1024.jpg\" alt=\"\" class=\"wp-image-32733\" title=\"\" srcset=\"https:\/\/summainferno.com\/wp-content\/uploads\/2020\/03\/a1414777926_10-1024x1024.jpg 1024w, https:\/\/summainferno.com\/wp-content\/uploads\/2020\/03\/a1414777926_10-300x300.jpg 300w, https:\/\/summainferno.com\/wp-content\/uploads\/2020\/03\/a1414777926_10-150x150.jpg 150w, https:\/\/summainferno.com\/wp-content\/uploads\/2020\/03\/a1414777926_10-768x768.jpg 768w, https:\/\/summainferno.com\/wp-content\/uploads\/2020\/03\/a1414777926_10-1170x1170.jpg 1170w, https:\/\/summainferno.com\/wp-content\/uploads\/2020\/03\/a1414777926_10-585x585.jpg 585w, https:\/\/summainferno.com\/wp-content\/uploads\/2020\/03\/a1414777926_10-24x24.jpg 24w, https:\/\/summainferno.com\/wp-content\/uploads\/2020\/03\/a1414777926_10-48x48.jpg 48w, https:\/\/summainferno.com\/wp-content\/uploads\/2020\/03\/a1414777926_10-96x96.jpg 96w, https:\/\/summainferno.com\/wp-content\/uploads\/2020\/03\/a1414777926_10.jpg 1200w\" sizes=\"auto, (max-width: 1024px) 100vw, 1024px\" \/><noscript><img decoding=\"async\" width=\"1024\" height=\"1024\" src=\"http:\/\/summainferno.com\/wp-content\/uploads\/2020\/03\/a1414777926_10-1024x1024.jpg\" alt=\"\" class=\"wp-image-32733\" title=\"\" srcset=\"https:\/\/summainferno.com\/wp-content\/uploads\/2020\/03\/a1414777926_10-1024x1024.jpg 1024w, https:\/\/summainferno.com\/wp-content\/uploads\/2020\/03\/a1414777926_10-300x300.jpg 300w, https:\/\/summainferno.com\/wp-content\/uploads\/2020\/03\/a1414777926_10-150x150.jpg 150w, https:\/\/summainferno.com\/wp-content\/uploads\/2020\/03\/a1414777926_10-768x768.jpg 768w, https:\/\/summainferno.com\/wp-content\/uploads\/2020\/03\/a1414777926_10-1170x1170.jpg 1170w, https:\/\/summainferno.com\/wp-content\/uploads\/2020\/03\/a1414777926_10-585x585.jpg 585w, https:\/\/summainferno.com\/wp-content\/uploads\/2020\/03\/a1414777926_10-24x24.jpg 24w, https:\/\/summainferno.com\/wp-content\/uploads\/2020\/03\/a1414777926_10-48x48.jpg 48w, https:\/\/summainferno.com\/wp-content\/uploads\/2020\/03\/a1414777926_10-96x96.jpg 96w, https:\/\/summainferno.com\/wp-content\/uploads\/2020\/03\/a1414777926_10.jpg 1200w\" sizes=\"(max-width: 1024px) 100vw, 1024px\" \/><\/noscript><\/figure>","protected":false},"excerpt":{"rendered":"<p>Dero Goi de Oomph! y Chris Harms de Lord of the Lost tienen un nuevo beb\u00e9. Su nombre es Die Kreatur y lanzar\u00e1 su \u00e1lbum debut &#8216;Panoptikum&#8217; el pr\u00f3ximo 22 de mayo a trav\u00e9s de Napalm Records. Ya puedes preordernarlo, aqu\u00ed. Est\u00e1 disponible en formato CD, vinilo y boxset. A continuaci\u00f3n podr\u00e1s ver el primer video de la banda, hom\u00f3nimo y dirigido por VDPictures. &#8220;Panoptikum viene junto a un oscuro arco de suspenso que lleva al oyente a los callejones [&hellip;]<\/p>\n","protected":false},"author":1,"featured_media":32732,"comment_status":"open","ping_status":"open","sticky":false,"template":"","format":"standard","meta":{"footnotes":""},"categories":[2517,260],"tags":[3132,62,3133,957,63],"class_list":["post-32728","post","type-post","status-publish","format-standard","has-post-thumbnail","hentry","category-industrial-cd-reviews","category-new","tag-chris-harms","tag-dero-goi","tag-die-kreatur","tag-lord-of-the-lost","tag-oomph"],"_links":{"self":[{"href":"https:\/\/summainferno.com\/en\/wp-json\/wp\/v2\/posts\/32728","targetHints":{"allow":["GET"]}}],"collection":[{"href":"https:\/\/summainferno.com\/en\/wp-json\/wp\/v2\/posts"}],"about":[{"href":"https:\/\/summainferno.com\/en\/wp-json\/wp\/v2\/types\/post"}],"author":[{"embeddable":true,"href":"https:\/\/summainferno.com\/en\/wp-json\/wp\/v2\/users\/1"}],"replies":[{"embeddable":true,"href":"https:\/\/summainferno.com\/en\/wp-json\/wp\/v2\/comments?post=32728"}],"version-history":[{"count":0,"href":"https:\/\/summainferno.com\/en\/wp-json\/wp\/v2\/posts\/32728\/revisions"}],"wp:featuredmedia":[{"embeddable":true,"href":"https:\/\/summainferno.com\/en\/wp-json\/wp\/v2\/media\/32732"}],"wp:attachment":[{"href":"https:\/\/summainferno.com\/en\/wp-json\/wp\/v2\/media?parent=32728"}],"wp:term":[{"taxonomy":"category","embeddable":true,"href":"https:\/\/summainferno.com\/en\/wp-json\/wp\/v2\/categories?post=32728"},{"taxonomy":"post_tag","embeddable":true,"href":"https:\/\/summainferno.com\/en\/wp-json\/wp\/v2\/tags?post=32728"}],"curies":[{"name":"wp","href":"https:\/\/api.w.org\/{rel}","templated":true}]}}