{"id":32467,"date":"2020-03-11T17:12:48","date_gmt":"2020-03-11T17:12:48","guid":{"rendered":"http:\/\/summainferno.com\/?p=32467"},"modified":"2020-03-11T17:12:51","modified_gmt":"2020-03-11T17:12:51","slug":"alice-cooper-vuelve-a-mexico-en-2020","status":"publish","type":"post","link":"https:\/\/summainferno.com\/en\/alice-cooper-vuelve-a-mexico-en-2020\/","title":{"rendered":"\u00a1Alice Cooper vuelve a M\u00e9xico en 2020!"},"content":{"rendered":"<p><strong>Alice Cooper <\/strong>estar\u00e1 nuevamente en M\u00e9xico, esta vez de forma solista y se presentar\u00e1 en dos fechas, el 23 de octubre en la Arena Monterrey y el 25 de octubre en la Arena Ciudad de M\u00e9xico. Adem\u00e1s, con el legendario cantante vienen los californianos <strong>Tesla<\/strong>.<\/p>\n\n\n\n<p><strong>Alice Cooper<\/strong>, con m\u00e1s de 55 a\u00f1os de carrera, es una legendaria figura musical bien conocida a trav\u00e9s de diferentes fronteras por millones de fan\u00e1ticos. <strong>Alice<\/strong> cuenta con m\u00faltiples nominaciones al Grammy y decenas de materiales discogr\u00e1ficos, adem\u00e1s, es reconocido como pionero del g\u00e9nero shock rock.Su amplia experiencia en el entretenimiento no s\u00f3lo se limita al espectro musical, tambi\u00e9n ha sido parte de proyectos cinematogr\u00e1ficos que lo han convertido en un personaje de culto. Su distintiva personalidad e imagen son parte de una firma \u00fanica que imprime en cada proyecto al que da vida.<\/p>\n\n\n\n<p><strong>Tesla<\/strong>, con su sonido que pasa por el hard rock, blues y soul y que es fuertemente arraigado en las ra\u00edces del rock and roll aut\u00e9ntico de los a\u00f1os 70s, se une a estas fechas para complementar esta gran experiencia. Estos virtuosos m\u00fasicos est\u00e1n rodando desde 1984 entre estudios y conciertos perfeccionando su sonido en sus presentaciones en vivo. Tesla, complacer\u00e1 a los amantes de la buena m\u00fasica con sus m\u00e1s grandes \u00e9xitos como \u201c<em>Modern Day Cowboy<\/em>\u201d, \u201c<em>Little Suzi<\/em>\u201d, \u201c<em>Heaven\u2019s Trail (No Way Out),\u201d \u201cLove Song\u201d, \u201cSigns\u201d,<\/em> y todo su repertorio.<\/p>\n\n\n\n<p>La preventa para ambos shows estar\u00e1 disponible a partir del 12 de marzo a trav\u00e9s de Superboletos, y en los stands del Palacio de Hierro, Taquillas de la Arena Ciudad de M\u00e9xico, Innovasport, Soriana, Farmacias del Ahorro y al tel\u00e9fono 15 15 41 00.<\/p>\n\n\n\n<div style=\"height:56px\" aria-hidden=\"true\" class=\"wp-block-spacer\"><\/div>\n\n\n\n<figure class=\"wp-block-image alignfull size-large\"><img decoding=\"async\" width=\"738\" height=\"960\" loading=\"lazy\" src=\"http:\/\/summainferno.com\/wp-content\/uploads\/2020\/03\/89066700_10157117010615878_5787835878697074688_o.jpg\" alt=\"\" class=\"wp-image-32472\" title=\"\" srcset=\"https:\/\/summainferno.com\/wp-content\/uploads\/2020\/03\/89066700_10157117010615878_5787835878697074688_o.jpg 738w, https:\/\/summainferno.com\/wp-content\/uploads\/2020\/03\/89066700_10157117010615878_5787835878697074688_o-231x300.jpg 231w, https:\/\/summainferno.com\/wp-content\/uploads\/2020\/03\/89066700_10157117010615878_5787835878697074688_o-585x761.jpg 585w\" sizes=\"auto, (max-width: 738px) 100vw, 738px\" \/><noscript><img decoding=\"async\" width=\"738\" height=\"960\" src=\"http:\/\/summainferno.com\/wp-content\/uploads\/2020\/03\/89066700_10157117010615878_5787835878697074688_o.jpg\" alt=\"\" class=\"wp-image-32472\" title=\"\" srcset=\"https:\/\/summainferno.com\/wp-content\/uploads\/2020\/03\/89066700_10157117010615878_5787835878697074688_o.jpg 738w, https:\/\/summainferno.com\/wp-content\/uploads\/2020\/03\/89066700_10157117010615878_5787835878697074688_o-231x300.jpg 231w, https:\/\/summainferno.com\/wp-content\/uploads\/2020\/03\/89066700_10157117010615878_5787835878697074688_o-585x761.jpg 585w\" sizes=\"(max-width: 738px) 100vw, 738px\" \/><\/noscript><\/figure>","protected":false},"excerpt":{"rendered":"<p>Alice Cooper estar\u00e1 nuevamente en M\u00e9xico, esta vez de forma solista y se presentar\u00e1 en dos fechas, el 23 de octubre en la Arena Monterrey y el 25 de octubre en la Arena Ciudad de M\u00e9xico. Adem\u00e1s, con el legendario cantante vienen los californianos Tesla. Alice Cooper, con m\u00e1s de 55 a\u00f1os de carrera, es una legendaria figura musical bien conocida a trav\u00e9s de diferentes fronteras por millones de fan\u00e1ticos. Alice cuenta con m\u00faltiples nominaciones al Grammy y decenas de [&hellip;]<\/p>\n","protected":false},"author":1,"featured_media":32469,"comment_status":"open","ping_status":"open","sticky":false,"template":"","format":"standard","meta":{"footnotes":""},"categories":[375,111,260],"tags":[133,25],"class_list":["post-32467","post","type-post","status-publish","format-standard","has-post-thumbnail","hentry","category-hard-rock","category-destacado","category-new","tag-alice-cooper","tag-mexico"],"_links":{"self":[{"href":"https:\/\/summainferno.com\/en\/wp-json\/wp\/v2\/posts\/32467","targetHints":{"allow":["GET"]}}],"collection":[{"href":"https:\/\/summainferno.com\/en\/wp-json\/wp\/v2\/posts"}],"about":[{"href":"https:\/\/summainferno.com\/en\/wp-json\/wp\/v2\/types\/post"}],"author":[{"embeddable":true,"href":"https:\/\/summainferno.com\/en\/wp-json\/wp\/v2\/users\/1"}],"replies":[{"embeddable":true,"href":"https:\/\/summainferno.com\/en\/wp-json\/wp\/v2\/comments?post=32467"}],"version-history":[{"count":0,"href":"https:\/\/summainferno.com\/en\/wp-json\/wp\/v2\/posts\/32467\/revisions"}],"wp:featuredmedia":[{"embeddable":true,"href":"https:\/\/summainferno.com\/en\/wp-json\/wp\/v2\/media\/32469"}],"wp:attachment":[{"href":"https:\/\/summainferno.com\/en\/wp-json\/wp\/v2\/media?parent=32467"}],"wp:term":[{"taxonomy":"category","embeddable":true,"href":"https:\/\/summainferno.com\/en\/wp-json\/wp\/v2\/categories?post=32467"},{"taxonomy":"post_tag","embeddable":true,"href":"https:\/\/summainferno.com\/en\/wp-json\/wp\/v2\/tags?post=32467"}],"curies":[{"name":"wp","href":"https:\/\/api.w.org\/{rel}","templated":true}]}}