{"id":32191,"date":"2020-02-26T22:31:13","date_gmt":"2020-02-26T22:31:13","guid":{"rendered":"http:\/\/summainferno.com\/?p=32191"},"modified":"2020-02-26T22:31:15","modified_gmt":"2020-02-26T22:31:15","slug":"vision-divine-y-el-poder-de-llamarse-mike-terrana","status":"publish","type":"post","link":"https:\/\/summainferno.com\/en\/vision-divine-y-el-poder-de-llamarse-mike-terrana\/","title":{"rendered":"Vision Divine and the power to be called Mike Terrana"},"content":{"rendered":"\n<p>Sin duda la visita de <strong>Vision Divine<\/strong> fue una delicia para los amantes del g\u00e9nero no solo por la gran calidad y poder que la banda tiene en cada una de sus canciones, sino por el plus de disfrutar de la presencia de <strong>Mike Terrana<\/strong> en la bater\u00eda que dicho sea de paso, es un espect\u00e1culo aparte.<\/p>\n\n\n\n<figure class=\"wp-block-image size-large\"><img decoding=\"async\" width=\"720\" height=\"480\" loading=\"lazy\" src=\"http:\/\/summainferno.com\/wp-content\/uploads\/2020\/02\/FB_IMG_1582755681415.jpg\" alt=\"\" class=\"wp-image-32204\" title=\"\" srcset=\"https:\/\/summainferno.com\/wp-content\/uploads\/2020\/02\/FB_IMG_1582755681415.jpg 720w, https:\/\/summainferno.com\/wp-content\/uploads\/2020\/02\/FB_IMG_1582755681415-300x200.jpg 300w, https:\/\/summainferno.com\/wp-content\/uploads\/2020\/02\/FB_IMG_1582755681415-585x390.jpg 585w, https:\/\/summainferno.com\/wp-content\/uploads\/2020\/02\/FB_IMG_1582755681415-263x175.jpg 263w\" sizes=\"auto, (max-width: 720px) 100vw, 720px\" \/><noscript><img decoding=\"async\" width=\"720\" height=\"480\" src=\"http:\/\/summainferno.com\/wp-content\/uploads\/2020\/02\/FB_IMG_1582755681415.jpg\" alt=\"\" class=\"wp-image-32204\" title=\"\" srcset=\"https:\/\/summainferno.com\/wp-content\/uploads\/2020\/02\/FB_IMG_1582755681415.jpg 720w, https:\/\/summainferno.com\/wp-content\/uploads\/2020\/02\/FB_IMG_1582755681415-300x200.jpg 300w, https:\/\/summainferno.com\/wp-content\/uploads\/2020\/02\/FB_IMG_1582755681415-585x390.jpg 585w, https:\/\/summainferno.com\/wp-content\/uploads\/2020\/02\/FB_IMG_1582755681415-263x175.jpg 263w\" sizes=\"(max-width: 720px) 100vw, 720px\" \/><\/noscript><\/figure>\n\n\n\n<p>La cita se llevar\u00eda a cabo en el foro <strong>Indie Rocks<\/strong>, donde previo al show hubo una firma de aut\u00f3grafos para todo fan que tuviera comprado su boleto para el show, saliendo todos con art\u00edculos firmados y fotos grupales del recuerdo con la banda. Ya a la hora del show el calentamiento de motores correr\u00eda a cargo de las bandas <strong>Uruz<\/strong> y <strong>Mighty Thor<\/strong>. Sin embargo esta \u00faltima tuvo serios problemas antes de su presentaci\u00f3n retras\u00e1ndose su tiempo de set, por lo que apenas y pudo tocar tres temas y con un volumen ensordecedor que no le ayud\u00f3. Aun as\u00ed los mexicanos no se achicaron y con el martillo de Thor -literal- en alto cumplieron con su acto. <\/p>\n\n\n\n<figure class=\"wp-block-image size-large\"><img decoding=\"async\" width=\"683\" height=\"1024\" loading=\"lazy\" src=\"http:\/\/summainferno.com\/wp-content\/uploads\/2020\/02\/FB_IMG_1582755482680-683x1024.jpg\" alt=\"\" class=\"wp-image-32205\" title=\"\" srcset=\"https:\/\/summainferno.com\/wp-content\/uploads\/2020\/02\/FB_IMG_1582755482680-683x1024.jpg 683w, https:\/\/summainferno.com\/wp-content\/uploads\/2020\/02\/FB_IMG_1582755482680-200x300.jpg 200w, https:\/\/summainferno.com\/wp-content\/uploads\/2020\/02\/FB_IMG_1582755482680-585x878.jpg 585w, https:\/\/summainferno.com\/wp-content\/uploads\/2020\/02\/FB_IMG_1582755482680.jpg 720w\" sizes=\"auto, (max-width: 683px) 100vw, 683px\" \/><noscript><img decoding=\"async\" width=\"683\" height=\"1024\" src=\"http:\/\/summainferno.com\/wp-content\/uploads\/2020\/02\/FB_IMG_1582755482680-683x1024.jpg\" alt=\"\" class=\"wp-image-32205\" title=\"\" srcset=\"https:\/\/summainferno.com\/wp-content\/uploads\/2020\/02\/FB_IMG_1582755482680-683x1024.jpg 683w, https:\/\/summainferno.com\/wp-content\/uploads\/2020\/02\/FB_IMG_1582755482680-200x300.jpg 200w, https:\/\/summainferno.com\/wp-content\/uploads\/2020\/02\/FB_IMG_1582755482680-585x878.jpg 585w, https:\/\/summainferno.com\/wp-content\/uploads\/2020\/02\/FB_IMG_1582755482680.jpg 720w\" sizes=\"(max-width: 683px) 100vw, 683px\" \/><\/noscript><\/figure>\n\n\n\n<p>Todo quedaba listo para el acto estelar y cuando las luces\nse van, el potente inicio con <em>\u201cThe 26th\nMachine\u201d<\/em> demuestra porque <strong>Vision\nDivine<\/strong> es una bandota: su <em>power metal<\/em>\ntiene PODER, por m\u00e1s que esto parezca un pleonasmo; y queda demostrado cuando\nsomos impulsados al espacio exterior con <em>\u201c3\nMan Walk On The Moon\u201d, <\/em>para luego continuar con el ritmo que raya casi en\nel metal extremo de \u201c<em>Secret Of Life\u201d<\/em>,\ntema donde el cantante <strong>Ivan Giannini<\/strong>\nagradece a todos tan c\u00e1lida bienvenida siendo la primera vez del cantante en\ntierras mexicanas. La noche continua con <em>\u201cNow\nThat All the Heroes Are Dead\u201d <\/em>y luego, se\u00f1alando la manta que custodia al escenario\ncon la imponente figura de un ser divino y amenazante, <strong>Vision Divine<\/strong> nos env\u00eda con el <em>\u201cAngel\nOf Revenge\u201d<\/em> <\/p>\n\n\n\n<p><em>\u201cViolet Loneliness\u201d <\/em>y\nsus tintes de sonido <em>Gotemburgo<\/em> ponen\na todas las personas a mover sus brazos de un lado al otro acompa\u00f1ando la\nmelod\u00eda, y luego viene un contraste brutal con \u201c<em>The 25th Hour<\/em>\u201d y el aporreo de la bater\u00eda del imponente <strong>Mike Terrana<\/strong> que hace que este tema\nparezca m\u00e1s una canci\u00f3n <em>punk<\/em> con\nsinf\u00f3nica, que un tema de <em>power metal<\/em>.\nY de nuevo el contraste da un giro de 180 grados con la mel\u00f3dica <em>\u201cMessage to Home\u201d<\/em> en la que la mayor\u00eda de\nla gente graba el \u00edntimo momento con el celular, y la noche continua con temas\ncomo <em>\u201c300\u201d.<\/em> Es en esta parte del show\nque la banda se queja y pide le bajen el volumen al audio y arreglen los\nmonitores porque no se escuchan entre ellos. Hay que decirlo: el audio estuvo\ndemasiado alto durante pr\u00e1cticamente toda la presentaci\u00f3n, lo que no permit\u00eda\napreciar al cien por ciento el virtuosismo de <strong>Vision Divine<\/strong>. <\/p>\n\n\n\n<figure class=\"wp-block-image size-large\"><img decoding=\"async\" width=\"683\" height=\"1024\" loading=\"lazy\" src=\"http:\/\/summainferno.com\/wp-content\/uploads\/2020\/02\/FB_IMG_1582755386490-683x1024.jpg\" alt=\"\" class=\"wp-image-32206\" title=\"\" srcset=\"https:\/\/summainferno.com\/wp-content\/uploads\/2020\/02\/FB_IMG_1582755386490-683x1024.jpg 683w, https:\/\/summainferno.com\/wp-content\/uploads\/2020\/02\/FB_IMG_1582755386490-200x300.jpg 200w, https:\/\/summainferno.com\/wp-content\/uploads\/2020\/02\/FB_IMG_1582755386490-585x878.jpg 585w, https:\/\/summainferno.com\/wp-content\/uploads\/2020\/02\/FB_IMG_1582755386490.jpg 720w\" sizes=\"auto, (max-width: 683px) 100vw, 683px\" \/><noscript><img decoding=\"async\" width=\"683\" height=\"1024\" src=\"http:\/\/summainferno.com\/wp-content\/uploads\/2020\/02\/FB_IMG_1582755386490-683x1024.jpg\" alt=\"\" class=\"wp-image-32206\" title=\"\" srcset=\"https:\/\/summainferno.com\/wp-content\/uploads\/2020\/02\/FB_IMG_1582755386490-683x1024.jpg 683w, https:\/\/summainferno.com\/wp-content\/uploads\/2020\/02\/FB_IMG_1582755386490-200x300.jpg 200w, https:\/\/summainferno.com\/wp-content\/uploads\/2020\/02\/FB_IMG_1582755386490-585x878.jpg 585w, https:\/\/summainferno.com\/wp-content\/uploads\/2020\/02\/FB_IMG_1582755386490.jpg 720w\" sizes=\"(max-width: 683px) 100vw, 683px\" \/><\/noscript><\/figure>\n\n\n\n<p>En el t\u00edtulo de esta rese\u00f1a hac\u00edamos \u00e9nfasis en el plus que le dio al show <strong>Mike Terrana<\/strong>, y es que es algo que vale la pena mencionar en un apartado especial: el originario de B\u00fafalo con su imagen m\u00e1s <em>ad hoc<\/em> a un baterista de <em>punk<\/em> o <em>hardcore<\/em> es una verdadera bestia: todo el show roba la atenci\u00f3n con su t\u00e9cnica y fuerza al aporrear los tambores e incluso se da el lujo de golpear la bater\u00eda con las manos desnudas o hacer piruetas con las baquetas en un solo que se roba los aplausos de la gente \u00a1Simplemente un animal de las percusiones! <strong>Vision Divine<\/strong> continua el show con <em>\u201cThe Perfect Machine\u201d,<\/em> uno de los temas consentidos de la fanaticada; para luego regalarnos el debut en vivo de <em>\u201cWere I God\u201d,<\/em> y cerrar la primera parte de su presentaci\u00f3n con un viaje a uno de los primeros \u00e9xitos de la banda: <em>\u201cThe Miracle\u201d.<\/em><\/p>\n\n\n\n<figure class=\"wp-block-image size-large\"><img decoding=\"async\" width=\"720\" height=\"480\" loading=\"lazy\" src=\"http:\/\/summainferno.com\/wp-content\/uploads\/2020\/02\/FB_IMG_1582755555079.jpg\" alt=\"\" class=\"wp-image-32207\" title=\"\" srcset=\"https:\/\/summainferno.com\/wp-content\/uploads\/2020\/02\/FB_IMG_1582755555079.jpg 720w, https:\/\/summainferno.com\/wp-content\/uploads\/2020\/02\/FB_IMG_1582755555079-300x200.jpg 300w, https:\/\/summainferno.com\/wp-content\/uploads\/2020\/02\/FB_IMG_1582755555079-585x390.jpg 585w, https:\/\/summainferno.com\/wp-content\/uploads\/2020\/02\/FB_IMG_1582755555079-263x175.jpg 263w\" sizes=\"auto, (max-width: 720px) 100vw, 720px\" \/><noscript><img decoding=\"async\" width=\"720\" height=\"480\" src=\"http:\/\/summainferno.com\/wp-content\/uploads\/2020\/02\/FB_IMG_1582755555079.jpg\" alt=\"\" class=\"wp-image-32207\" title=\"\" srcset=\"https:\/\/summainferno.com\/wp-content\/uploads\/2020\/02\/FB_IMG_1582755555079.jpg 720w, https:\/\/summainferno.com\/wp-content\/uploads\/2020\/02\/FB_IMG_1582755555079-300x200.jpg 300w, https:\/\/summainferno.com\/wp-content\/uploads\/2020\/02\/FB_IMG_1582755555079-585x390.jpg 585w, https:\/\/summainferno.com\/wp-content\/uploads\/2020\/02\/FB_IMG_1582755555079-263x175.jpg 263w\" sizes=\"(max-width: 720px) 100vw, 720px\" \/><\/noscript><\/figure>\n\n\n\n<p><strong>Vision Divine<\/strong> regresa r\u00e1pidamente al escenario y la palabra la toma ahora el guitarrista <strong>Olaf Thorsen, <\/strong>quien en un bastante entendible espa\u00f1ol presenta a todos los miembros de la banda e incluso (no sabemos si en broma o con alg\u00fan sentido escondido) recuerda a <strong>Fabio Lione<\/strong> (ex vocalista del grupo, famoso por ser el cantante de bandas como <strong>Rhapsody On Fire<\/strong> y actualmente <strong>Angra<\/strong>) con el adjetivo de <em>\u201cmariconcito\u201d.<\/em> La banda regresa a lo musical con \u201c<em>Send Me And Angel<\/em>\u201d pidi\u00e9ndole a la gente brinque al ritmo de este tema, lo cual los asistentes acatan sin pensarlo. <strong>Vision Divine<\/strong> est\u00e1 a punto de retirarse y lo hace de la mano de <em>\u201cLa Vita Fugge\u201d,<\/em> \u00fanico tema del set en la lengua natal de la banda, y que culmina as\u00ed una noche de <em>power metal<\/em> inolvidable. <\/p>\n\n\n\n<figure class=\"wp-block-image size-large\"><img decoding=\"async\" width=\"720\" height=\"480\" loading=\"lazy\" src=\"http:\/\/summainferno.com\/wp-content\/uploads\/2020\/02\/FB_IMG_1582755657324.jpg\" alt=\"\" class=\"wp-image-32208\" title=\"\" srcset=\"https:\/\/summainferno.com\/wp-content\/uploads\/2020\/02\/FB_IMG_1582755657324.jpg 720w, https:\/\/summainferno.com\/wp-content\/uploads\/2020\/02\/FB_IMG_1582755657324-300x200.jpg 300w, https:\/\/summainferno.com\/wp-content\/uploads\/2020\/02\/FB_IMG_1582755657324-585x390.jpg 585w, https:\/\/summainferno.com\/wp-content\/uploads\/2020\/02\/FB_IMG_1582755657324-263x175.jpg 263w\" sizes=\"auto, (max-width: 720px) 100vw, 720px\" \/><noscript><img decoding=\"async\" width=\"720\" height=\"480\" src=\"http:\/\/summainferno.com\/wp-content\/uploads\/2020\/02\/FB_IMG_1582755657324.jpg\" alt=\"\" class=\"wp-image-32208\" title=\"\" srcset=\"https:\/\/summainferno.com\/wp-content\/uploads\/2020\/02\/FB_IMG_1582755657324.jpg 720w, https:\/\/summainferno.com\/wp-content\/uploads\/2020\/02\/FB_IMG_1582755657324-300x200.jpg 300w, https:\/\/summainferno.com\/wp-content\/uploads\/2020\/02\/FB_IMG_1582755657324-585x390.jpg 585w, https:\/\/summainferno.com\/wp-content\/uploads\/2020\/02\/FB_IMG_1582755657324-263x175.jpg 263w\" sizes=\"(max-width: 720px) 100vw, 720px\" \/><\/noscript><\/figure>\n\n\n\n<p><em>Todas las fotos cortes\u00eda de Eyescream Productions<\/em> [penci_review] <\/p>\n","protected":false},"excerpt":{"rendered":"<p>Sin duda la visita de Vision Divine fue una delicia para los amantes del g\u00e9nero no solo por la gran calidad y poder que la banda tiene en cada una de sus canciones, sino por el plus de disfrutar de la presencia de Mike Terrana en la bater\u00eda que dicho sea de paso, es un espect\u00e1culo aparte. La cita se llevar\u00eda a cabo en el foro Indie Rocks, donde previo al show hubo una firma de aut\u00f3grafos para todo fan [&hellip;]<\/p>\n","protected":false},"author":9,"featured_media":32203,"comment_status":"open","ping_status":"open","sticky":false,"template":"","format":"standard","meta":{"footnotes":""},"categories":[188,1349],"tags":[3002],"class_list":["post-32191","post","type-post","status-publish","format-standard","has-post-thumbnail","hentry","category-conciertos-resenas","category-power-metal","tag-vision-divine"],"_links":{"self":[{"href":"https:\/\/summainferno.com\/en\/wp-json\/wp\/v2\/posts\/32191","targetHints":{"allow":["GET"]}}],"collection":[{"href":"https:\/\/summainferno.com\/en\/wp-json\/wp\/v2\/posts"}],"about":[{"href":"https:\/\/summainferno.com\/en\/wp-json\/wp\/v2\/types\/post"}],"author":[{"embeddable":true,"href":"https:\/\/summainferno.com\/en\/wp-json\/wp\/v2\/users\/9"}],"replies":[{"embeddable":true,"href":"https:\/\/summainferno.com\/en\/wp-json\/wp\/v2\/comments?post=32191"}],"version-history":[{"count":0,"href":"https:\/\/summainferno.com\/en\/wp-json\/wp\/v2\/posts\/32191\/revisions"}],"wp:featuredmedia":[{"embeddable":true,"href":"https:\/\/summainferno.com\/en\/wp-json\/wp\/v2\/media\/32203"}],"wp:attachment":[{"href":"https:\/\/summainferno.com\/en\/wp-json\/wp\/v2\/media?parent=32191"}],"wp:term":[{"taxonomy":"category","embeddable":true,"href":"https:\/\/summainferno.com\/en\/wp-json\/wp\/v2\/categories?post=32191"},{"taxonomy":"post_tag","embeddable":true,"href":"https:\/\/summainferno.com\/en\/wp-json\/wp\/v2\/tags?post=32191"}],"curies":[{"name":"wp","href":"https:\/\/api.w.org\/{rel}","templated":true}]}}