{"id":31901,"date":"2020-02-12T20:28:24","date_gmt":"2020-02-12T20:28:24","guid":{"rendered":"http:\/\/summainferno.com\/?p=31901"},"modified":"2020-02-12T20:28:26","modified_gmt":"2020-02-12T20:28:26","slug":"dame-diez-papa-emeritus-iii-tendra-su-propia-figura-de-accion","status":"publish","type":"post","link":"https:\/\/summainferno.com\/en\/dame-diez-papa-emeritus-iii-tendra-su-propia-figura-de-accion\/","title":{"rendered":"\u00a1Dame diez! Papa Emeritus III tendr\u00e1 su propia figura de acci\u00f3n"},"content":{"rendered":"<p><strong>Ghost<\/strong> contin\u00faa conquistando distintos mercados y por supuesto, las figuritas de acci\u00f3n no iban a quedar fuera de la visi\u00f3n del buen Tobias Forge. En colaboraci\u00f3n con Super 7 y Global Merchandising Services, la banda sueca present\u00f3 la figura de acci\u00f3n de <a href=\"https:\/\/www.fun.com\/ghost-reaction-papa-emeritus-action-figure.html\" target=\"_blank\" rel=\"noopener\"><strong>Pope Emeritus III<\/strong><\/a>. <\/p>\n\n\n\n<p>La figura mide 3.75&#8243; y est\u00e1 hecha de pl\u00e1stico duro de alta resistencia para que puedas hacer tus rituales sat\u00e1nicos con toda seguridad. Puedes adquirirla <a href=\"https:\/\/www.fun.com\/ghost-reaction-papa-emeritus-action-figure.html\" target=\"_blank\" rel=\"noopener\">here<\/a> por solo $19.99 d\u00f3lares.<\/p>\n\n\n\n<div style=\"height:43px\" aria-hidden=\"true\" class=\"wp-block-spacer\"><\/div>\n\n\n\n<figure class=\"wp-block-image alignfull size-large\"><img decoding=\"async\" width=\"638\" height=\"425\" loading=\"lazy\" src=\"http:\/\/summainferno.com\/wp-content\/uploads\/2020\/02\/ghostreactionfigure2020_638.jpg\" alt=\"\" class=\"wp-image-31904\" title=\"\" srcset=\"https:\/\/summainferno.com\/wp-content\/uploads\/2020\/02\/ghostreactionfigure2020_638.jpg 638w, https:\/\/summainferno.com\/wp-content\/uploads\/2020\/02\/ghostreactionfigure2020_638-300x200.jpg 300w, https:\/\/summainferno.com\/wp-content\/uploads\/2020\/02\/ghostreactionfigure2020_638-585x390.jpg 585w, https:\/\/summainferno.com\/wp-content\/uploads\/2020\/02\/ghostreactionfigure2020_638-263x175.jpg 263w\" sizes=\"auto, (max-width: 638px) 100vw, 638px\" \/><noscript><img decoding=\"async\" width=\"638\" height=\"425\" src=\"http:\/\/summainferno.com\/wp-content\/uploads\/2020\/02\/ghostreactionfigure2020_638.jpg\" alt=\"\" class=\"wp-image-31904\" title=\"\" srcset=\"https:\/\/summainferno.com\/wp-content\/uploads\/2020\/02\/ghostreactionfigure2020_638.jpg 638w, https:\/\/summainferno.com\/wp-content\/uploads\/2020\/02\/ghostreactionfigure2020_638-300x200.jpg 300w, https:\/\/summainferno.com\/wp-content\/uploads\/2020\/02\/ghostreactionfigure2020_638-585x390.jpg 585w, https:\/\/summainferno.com\/wp-content\/uploads\/2020\/02\/ghostreactionfigure2020_638-263x175.jpg 263w\" sizes=\"(max-width: 638px) 100vw, 638px\" \/><\/noscript><\/figure>\n\n\n\n<div style=\"height:41px\" aria-hidden=\"true\" class=\"wp-block-spacer\"><\/div>\n\n\n\n<p>Swedish\u00a0<strong>Ghost<\/strong>\u00a0volver\u00e1n a M\u00e9xico el pr\u00f3ximo 3 de marzo para dar una \u00fanica fecha en el Palacio de los Deportes de la Ciudad de M\u00e9xico dando as\u00ed, un cierre a su gira actual. Los boletos est\u00e1n agotados, pero de vez en cuando el sistema Ticketmaster libera algunos para diversas zonas.<\/p>\n\n\n\n<div style=\"height:20px\" aria-hidden=\"true\" class=\"wp-block-spacer\"><\/div>\n\n\n\n<figure class=\"wp-block-image alignfull\"><img decoding=\"async\" width=\"640\" height=\"960\" loading=\"lazy\" src=\"http:\/\/summainferno.com\/wp-content\/uploads\/2019\/10\/71395296_1156480487871273_731880496165814272_n.jpg\" alt=\"\" class=\"wp-image-28887\" title=\"\" srcset=\"https:\/\/summainferno.com\/wp-content\/uploads\/2019\/10\/71395296_1156480487871273_731880496165814272_n.jpg 640w, https:\/\/summainferno.com\/wp-content\/uploads\/2019\/10\/71395296_1156480487871273_731880496165814272_n-200x300.jpg 200w, https:\/\/summainferno.com\/wp-content\/uploads\/2019\/10\/71395296_1156480487871273_731880496165814272_n-585x878.jpg 585w\" sizes=\"auto, (max-width: 640px) 100vw, 640px\" \/><noscript><img decoding=\"async\" width=\"640\" height=\"960\" src=\"http:\/\/summainferno.com\/wp-content\/uploads\/2019\/10\/71395296_1156480487871273_731880496165814272_n.jpg\" alt=\"\" class=\"wp-image-28887\" title=\"\" srcset=\"https:\/\/summainferno.com\/wp-content\/uploads\/2019\/10\/71395296_1156480487871273_731880496165814272_n.jpg 640w, https:\/\/summainferno.com\/wp-content\/uploads\/2019\/10\/71395296_1156480487871273_731880496165814272_n-200x300.jpg 200w, https:\/\/summainferno.com\/wp-content\/uploads\/2019\/10\/71395296_1156480487871273_731880496165814272_n-585x878.jpg 585w\" sizes=\"(max-width: 640px) 100vw, 640px\" \/><\/noscript><\/figure>","protected":false},"excerpt":{"rendered":"<p>Ghost contin\u00faa conquistando distintos mercados y por supuesto, las figuritas de acci\u00f3n no iban a quedar fuera de la visi\u00f3n del buen Tobias Forge. En colaboraci\u00f3n con Super 7 y Global Merchandising Services, la banda sueca present\u00f3 la figura de acci\u00f3n de Papa Emeritus III. La figura mide 3.75&#8243; y est\u00e1 hecha de pl\u00e1stico duro de alta resistencia para que puedas hacer tus rituales sat\u00e1nicos con toda seguridad. Puedes adquirirla aqu\u00ed por solo $19.99 d\u00f3lares. Los suecos\u00a0Ghost\u00a0volver\u00e1n a M\u00e9xico el [&hellip;]<\/p>\n","protected":false},"author":1,"featured_media":31905,"comment_status":"open","ping_status":"open","sticky":false,"template":"","format":"standard","meta":{"footnotes":""},"categories":[2095,260],"tags":[990,202,360],"class_list":["post-31901","post","type-post","status-publish","format-standard","has-post-thumbnail","hentry","category-doom-metal","category-new","tag-emeritus-iii","tag-ghost","tag-tobias-forge"],"_links":{"self":[{"href":"https:\/\/summainferno.com\/en\/wp-json\/wp\/v2\/posts\/31901","targetHints":{"allow":["GET"]}}],"collection":[{"href":"https:\/\/summainferno.com\/en\/wp-json\/wp\/v2\/posts"}],"about":[{"href":"https:\/\/summainferno.com\/en\/wp-json\/wp\/v2\/types\/post"}],"author":[{"embeddable":true,"href":"https:\/\/summainferno.com\/en\/wp-json\/wp\/v2\/users\/1"}],"replies":[{"embeddable":true,"href":"https:\/\/summainferno.com\/en\/wp-json\/wp\/v2\/comments?post=31901"}],"version-history":[{"count":0,"href":"https:\/\/summainferno.com\/en\/wp-json\/wp\/v2\/posts\/31901\/revisions"}],"wp:featuredmedia":[{"embeddable":true,"href":"https:\/\/summainferno.com\/en\/wp-json\/wp\/v2\/media\/31905"}],"wp:attachment":[{"href":"https:\/\/summainferno.com\/en\/wp-json\/wp\/v2\/media?parent=31901"}],"wp:term":[{"taxonomy":"category","embeddable":true,"href":"https:\/\/summainferno.com\/en\/wp-json\/wp\/v2\/categories?post=31901"},{"taxonomy":"post_tag","embeddable":true,"href":"https:\/\/summainferno.com\/en\/wp-json\/wp\/v2\/tags?post=31901"}],"curies":[{"name":"wp","href":"https:\/\/api.w.org\/{rel}","templated":true}]}}