{"id":31462,"date":"2020-01-17T18:30:28","date_gmt":"2020-01-17T18:30:28","guid":{"rendered":"http:\/\/summainferno.com\/?p=31462"},"modified":"2020-01-17T18:30:30","modified_gmt":"2020-01-17T18:30:30","slug":"la-sala-cierra-sus-puertas","status":"publish","type":"post","link":"https:\/\/summainferno.com\/en\/la-sala-cierra-sus-puertas\/","title":{"rendered":"La Sala cierra sus puertas&#8230;"},"content":{"rendered":"<p>Tristes noticias. Sala, uno de las sedes m\u00e1s importantes para conciertos en los \u00faltimos a\u00f1os en la Ciudad de M\u00e9xico, cierras sus puertas.  La noticia fue dada a conocer a trav\u00e9s de sus redes sociales oficiales, sin dar mayores detalles sobre los motivos del cierre y si se tiene planes para el lugar en un futuro.<\/p>\n\n\n\n<p>El lugar abri\u00f3 las puertas en 2015 bajo el nombre de Sala Puebla (por la calle en la que se ubica) y a lo largo de su corta pero rica historia, vio desfilar centenares de bandas y proyectos. Les deseamos suerte en sus pr\u00f3ximos proyectos.<\/p>\n\n\n\n<div style=\"height:37px\" aria-hidden=\"true\" class=\"wp-block-spacer\"><\/div>\n\n\n\n<div class=\"wp-block-image\"><figure class=\"aligncenter size-large\"><img decoding=\"async\" width=\"960\" height=\"960\" loading=\"lazy\" src=\"http:\/\/summainferno.com\/wp-content\/uploads\/2020\/01\/sala.png\" alt=\"\" class=\"wp-image-31463\" title=\"\" srcset=\"https:\/\/summainferno.com\/wp-content\/uploads\/2020\/01\/sala.png 960w, https:\/\/summainferno.com\/wp-content\/uploads\/2020\/01\/sala-300x300.png 300w, https:\/\/summainferno.com\/wp-content\/uploads\/2020\/01\/sala-150x150.png 150w, https:\/\/summainferno.com\/wp-content\/uploads\/2020\/01\/sala-768x768.png 768w, https:\/\/summainferno.com\/wp-content\/uploads\/2020\/01\/sala-585x585.png 585w, https:\/\/summainferno.com\/wp-content\/uploads\/2020\/01\/sala-24x24.png 24w, https:\/\/summainferno.com\/wp-content\/uploads\/2020\/01\/sala-48x48.png 48w, https:\/\/summainferno.com\/wp-content\/uploads\/2020\/01\/sala-96x96.png 96w\" sizes=\"auto, (max-width: 960px) 100vw, 960px\" \/><noscript><img decoding=\"async\" width=\"960\" height=\"960\" src=\"http:\/\/summainferno.com\/wp-content\/uploads\/2020\/01\/sala.png\" alt=\"\" class=\"wp-image-31463\" title=\"\" srcset=\"https:\/\/summainferno.com\/wp-content\/uploads\/2020\/01\/sala.png 960w, https:\/\/summainferno.com\/wp-content\/uploads\/2020\/01\/sala-300x300.png 300w, https:\/\/summainferno.com\/wp-content\/uploads\/2020\/01\/sala-150x150.png 150w, https:\/\/summainferno.com\/wp-content\/uploads\/2020\/01\/sala-768x768.png 768w, https:\/\/summainferno.com\/wp-content\/uploads\/2020\/01\/sala-585x585.png 585w, https:\/\/summainferno.com\/wp-content\/uploads\/2020\/01\/sala-24x24.png 24w, https:\/\/summainferno.com\/wp-content\/uploads\/2020\/01\/sala-48x48.png 48w, https:\/\/summainferno.com\/wp-content\/uploads\/2020\/01\/sala-96x96.png 96w\" sizes=\"(max-width: 960px) 100vw, 960px\" \/><\/noscript><\/figure><\/div>","protected":false},"excerpt":{"rendered":"<p>Tristes noticias. Sala, uno de las sedes m\u00e1s importantes para conciertos en los \u00faltimos a\u00f1os en la Ciudad de M\u00e9xico, cierras sus puertas. La noticia fue dada a conocer a trav\u00e9s de sus redes sociales oficiales, sin dar mayores detalles sobre los motivos del cierre y si se tiene planes para el lugar en un futuro. El lugar abri\u00f3 las puertas en 2015 bajo el nombre de Sala Puebla (por la calle en la que se ubica) y a lo [&hellip;]<\/p>\n","protected":false},"author":1,"featured_media":31465,"comment_status":"open","ping_status":"open","sticky":false,"template":"","format":"standard","meta":{"footnotes":""},"categories":[260,2],"tags":[3061],"class_list":["post-31462","post","type-post","status-publish","format-standard","has-post-thumbnail","hentry","category-new","category-rock","tag-sala-puebla"],"_links":{"self":[{"href":"https:\/\/summainferno.com\/en\/wp-json\/wp\/v2\/posts\/31462","targetHints":{"allow":["GET"]}}],"collection":[{"href":"https:\/\/summainferno.com\/en\/wp-json\/wp\/v2\/posts"}],"about":[{"href":"https:\/\/summainferno.com\/en\/wp-json\/wp\/v2\/types\/post"}],"author":[{"embeddable":true,"href":"https:\/\/summainferno.com\/en\/wp-json\/wp\/v2\/users\/1"}],"replies":[{"embeddable":true,"href":"https:\/\/summainferno.com\/en\/wp-json\/wp\/v2\/comments?post=31462"}],"version-history":[{"count":0,"href":"https:\/\/summainferno.com\/en\/wp-json\/wp\/v2\/posts\/31462\/revisions"}],"wp:featuredmedia":[{"embeddable":true,"href":"https:\/\/summainferno.com\/en\/wp-json\/wp\/v2\/media\/31465"}],"wp:attachment":[{"href":"https:\/\/summainferno.com\/en\/wp-json\/wp\/v2\/media?parent=31462"}],"wp:term":[{"taxonomy":"category","embeddable":true,"href":"https:\/\/summainferno.com\/en\/wp-json\/wp\/v2\/categories?post=31462"},{"taxonomy":"post_tag","embeddable":true,"href":"https:\/\/summainferno.com\/en\/wp-json\/wp\/v2\/tags?post=31462"}],"curies":[{"name":"wp","href":"https:\/\/api.w.org\/{rel}","templated":true}]}}