{"id":31412,"date":"2020-01-14T18:21:07","date_gmt":"2020-01-14T18:21:07","guid":{"rendered":"http:\/\/summainferno.com\/?p=31412"},"modified":"2020-01-14T19:10:31","modified_gmt":"2020-01-14T19:10:31","slug":"rammstein-vuelve-a-mexico-en-2020","status":"publish","type":"post","link":"https:\/\/summainferno.com\/en\/rammstein-vuelve-a-mexico-en-2020\/","title":{"rendered":"Rammstein, \u00a1vuelve a M\u00e9xico en 2020!"},"content":{"rendered":"<p><strong>Rammstein <\/strong>acaba de publicar el mapa de Am\u00e9rica que confirma su regreso a este continente y entre las siete regiones iluminadas, se encuentra la ciudad de M\u00e9xico. \u00a1S\u00ed, los alemanes vuelven a nuestro pa\u00eds con una \u00fanica fecha en la capital y con todo su arsenal!<\/p>\n\n\n\n<p>Adem\u00e1s de la Ciudad de M\u00e9xico, la banda se presentar\u00e1 en diversas ciudades de los Estados Unidos y Canad\u00e1, dejando fuera Centro y Sudam\u00e9rica por los costos que implica producir su nuevo espect\u00e1culo.<\/p>\n\n\n\n<p>La banda se encuentra en plena promoci\u00f3n de la segunda parte de su &#8216;Stadium Tour&#8217; y su m\u00e1s reciente \u00e1lbum de estudio, lanzado a mediados de 2019. La \u00faltima vez que <strong>Rammstein<\/strong> estuvo en M\u00e9xico fue en un par de fechas especiales celebrando el a\u00f1o nuevo en Puerto Vallarta en diciembre del 2018 y enero del 2019.<\/p>\n\n\n\n<div style=\"height:34px\" aria-hidden=\"true\" class=\"wp-block-spacer\"><\/div>\n\n\n\n<figure class=\"wp-block-image size-large\"><img decoding=\"async\" width=\"960\" height=\"960\" loading=\"lazy\" src=\"http:\/\/summainferno.com\/wp-content\/uploads\/2020\/01\/ramm.jpg\" alt=\"\" class=\"wp-image-31424\" title=\"\" srcset=\"https:\/\/summainferno.com\/wp-content\/uploads\/2020\/01\/ramm.jpg 960w, https:\/\/summainferno.com\/wp-content\/uploads\/2020\/01\/ramm-300x300.jpg 300w, https:\/\/summainferno.com\/wp-content\/uploads\/2020\/01\/ramm-150x150.jpg 150w, https:\/\/summainferno.com\/wp-content\/uploads\/2020\/01\/ramm-768x768.jpg 768w, https:\/\/summainferno.com\/wp-content\/uploads\/2020\/01\/ramm-585x585.jpg 585w, https:\/\/summainferno.com\/wp-content\/uploads\/2020\/01\/ramm-24x24.jpg 24w, https:\/\/summainferno.com\/wp-content\/uploads\/2020\/01\/ramm-48x48.jpg 48w, https:\/\/summainferno.com\/wp-content\/uploads\/2020\/01\/ramm-96x96.jpg 96w\" sizes=\"auto, (max-width: 960px) 100vw, 960px\" \/><noscript><img decoding=\"async\" width=\"960\" height=\"960\" src=\"http:\/\/summainferno.com\/wp-content\/uploads\/2020\/01\/ramm.jpg\" alt=\"\" class=\"wp-image-31424\" title=\"\" srcset=\"https:\/\/summainferno.com\/wp-content\/uploads\/2020\/01\/ramm.jpg 960w, https:\/\/summainferno.com\/wp-content\/uploads\/2020\/01\/ramm-300x300.jpg 300w, https:\/\/summainferno.com\/wp-content\/uploads\/2020\/01\/ramm-150x150.jpg 150w, https:\/\/summainferno.com\/wp-content\/uploads\/2020\/01\/ramm-768x768.jpg 768w, https:\/\/summainferno.com\/wp-content\/uploads\/2020\/01\/ramm-585x585.jpg 585w, https:\/\/summainferno.com\/wp-content\/uploads\/2020\/01\/ramm-24x24.jpg 24w, https:\/\/summainferno.com\/wp-content\/uploads\/2020\/01\/ramm-48x48.jpg 48w, https:\/\/summainferno.com\/wp-content\/uploads\/2020\/01\/ramm-96x96.jpg 96w\" sizes=\"(max-width: 960px) 100vw, 960px\" \/><\/noscript><\/figure>","protected":false},"excerpt":{"rendered":"<p>Rammstein acaba de publicar el mapa de Am\u00e9rica que confirma su regreso a este continente y entre las siete regiones iluminadas, se encuentra la ciudad de M\u00e9xico. \u00a1S\u00ed, los alemanes vuelven a nuestro pa\u00eds con una \u00fanica fecha en la capital y con todo su arsenal! Adem\u00e1s de la Ciudad de M\u00e9xico, la banda se presentar\u00e1 en diversas ciudades de los Estados Unidos y Canad\u00e1, dejando fuera Centro y Sudam\u00e9rica por los costos que implica producir su nuevo espect\u00e1culo. La [&hellip;]<\/p>\n","protected":false},"author":9,"featured_media":31422,"comment_status":"open","ping_status":"open","sticky":false,"template":"","format":"standard","meta":{"footnotes":""},"categories":[211,111,260],"tags":[278],"class_list":["post-31412","post","type-post","status-publish","format-standard","has-post-thumbnail","hentry","category-industrial","category-destacado","category-new","tag-rammstein"],"_links":{"self":[{"href":"https:\/\/summainferno.com\/en\/wp-json\/wp\/v2\/posts\/31412","targetHints":{"allow":["GET"]}}],"collection":[{"href":"https:\/\/summainferno.com\/en\/wp-json\/wp\/v2\/posts"}],"about":[{"href":"https:\/\/summainferno.com\/en\/wp-json\/wp\/v2\/types\/post"}],"author":[{"embeddable":true,"href":"https:\/\/summainferno.com\/en\/wp-json\/wp\/v2\/users\/9"}],"replies":[{"embeddable":true,"href":"https:\/\/summainferno.com\/en\/wp-json\/wp\/v2\/comments?post=31412"}],"version-history":[{"count":0,"href":"https:\/\/summainferno.com\/en\/wp-json\/wp\/v2\/posts\/31412\/revisions"}],"wp:featuredmedia":[{"embeddable":true,"href":"https:\/\/summainferno.com\/en\/wp-json\/wp\/v2\/media\/31422"}],"wp:attachment":[{"href":"https:\/\/summainferno.com\/en\/wp-json\/wp\/v2\/media?parent=31412"}],"wp:term":[{"taxonomy":"category","embeddable":true,"href":"https:\/\/summainferno.com\/en\/wp-json\/wp\/v2\/categories?post=31412"},{"taxonomy":"post_tag","embeddable":true,"href":"https:\/\/summainferno.com\/en\/wp-json\/wp\/v2\/tags?post=31412"}],"curies":[{"name":"wp","href":"https:\/\/api.w.org\/{rel}","templated":true}]}}