{"id":30431,"date":"2019-11-22T17:34:55","date_gmt":"2019-11-22T17:34:55","guid":{"rendered":"http:\/\/summainferno.com\/?p=30431"},"modified":"2019-11-22T17:34:58","modified_gmt":"2019-11-22T17:34:58","slug":"murio-armando-molina-fundador-de-avandaro","status":"publish","type":"post","link":"https:\/\/summainferno.com\/en\/murio-armando-molina-fundador-de-avandaro\/","title":{"rendered":"Armando Molina, founder of Av\u00e1ndaro, died"},"content":{"rendered":"<p><strong>Armando Molina<\/strong>, one of the pioneers of the rock movement in Mexico and one of the founders of the mythical festival of <strong>Vandal<\/strong>, passed away today at the age of 72 in Hermosillo, Sonora. The legendary Mexican musician had been under medical observation for a while.<\/p>\n\n\n\n<p>Molina was born on November 13, 1943 in Mexico City and throughout his career he promoted the growth of rock in our country, having as an epitome Av\u00e1ndaro, which took place on September 11 and 12, 1971 in Tenango, State from Mexico with an attendance of more than 100,000 people and is considered by many to be the Mexican version of Woodstock.<\/p>\n\n\n\n<p>Rest in peace.<\/p>\n\n\n\n<div style=\"height:27px\" aria-hidden=\"true\" class=\"wp-block-spacer\"><\/div>\n\n\n\n<figure class=\"wp-block-embed-youtube wp-block-embed is-type-video is-provider-youtube wp-embed-aspect-16-9 wp-has-aspect-ratio\"><div class=\"wp-block-embed__wrapper\">\n<iframe class=\"zeen-lazy-load-base zeen-lazy-load\" title=\"ARMANDO MOLINA  ---AVANDARO LA LEYENDA VIVRAR ---\" width=\"1200\" height=\"675\" src=\"about:blank\" data-lazy-src=\"https:\/\/www.youtube.com\/embed\/BJC9-xDKhSI?feature=oembed\" frameborder=\"0\" allow=\"accelerometer; autoplay; clipboard-write; encrypted-media; gyroscope; picture-in-picture\" allowfullscreen><\/iframe><noscript><iframe title=\"ARMANDO MOLINA  ---AVANDARO LA LEYENDA VIVRAR ---\" width=\"1200\" height=\"675\" src=\"https:\/\/www.youtube.com\/embed\/BJC9-xDKhSI?feature=oembed\" frameborder=\"0\" allow=\"accelerometer; autoplay; clipboard-write; encrypted-media; gyroscope; picture-in-picture\" allowfullscreen><\/iframe><\/noscript>\n<\/div><\/figure>","protected":false},"excerpt":{"rendered":"<p>Armando Molina, uno de los pioneros del movimiento rock en M\u00e9xico y uno de los fundadores del m\u00edtico festival de Av\u00e1ndaro, falleci\u00f3 el d\u00eda de hoy a los 72 a\u00f1os de edad en Hermosillo, Sonora. El legendario m\u00fasico mexicano ya llevaba un rato bajo observaci\u00f3n m\u00e9dica. Molina naci\u00f3 el 13 de noviembre de 1943 en la Ciudad de M\u00e9xico y a lo largo de su carrera impuls\u00f3 el crecimiento del rock en nuestro pa\u00eds, teniendo como ep\u00edtome Av\u00e1ndaro, que se [&hellip;]<\/p>\n","protected":false},"author":1,"featured_media":30432,"comment_status":"open","ping_status":"open","sticky":false,"template":"","format":"standard","meta":{"footnotes":""},"categories":[300,260],"tags":[2996,1762],"class_list":["post-30431","post","type-post","status-publish","format-standard","has-post-thumbnail","hentry","category-metal-mx","category-new","tag-armando-molina","tag-avandaro"],"_links":{"self":[{"href":"https:\/\/summainferno.com\/en\/wp-json\/wp\/v2\/posts\/30431","targetHints":{"allow":["GET"]}}],"collection":[{"href":"https:\/\/summainferno.com\/en\/wp-json\/wp\/v2\/posts"}],"about":[{"href":"https:\/\/summainferno.com\/en\/wp-json\/wp\/v2\/types\/post"}],"author":[{"embeddable":true,"href":"https:\/\/summainferno.com\/en\/wp-json\/wp\/v2\/users\/1"}],"replies":[{"embeddable":true,"href":"https:\/\/summainferno.com\/en\/wp-json\/wp\/v2\/comments?post=30431"}],"version-history":[{"count":0,"href":"https:\/\/summainferno.com\/en\/wp-json\/wp\/v2\/posts\/30431\/revisions"}],"wp:featuredmedia":[{"embeddable":true,"href":"https:\/\/summainferno.com\/en\/wp-json\/wp\/v2\/media\/30432"}],"wp:attachment":[{"href":"https:\/\/summainferno.com\/en\/wp-json\/wp\/v2\/media?parent=30431"}],"wp:term":[{"taxonomy":"category","embeddable":true,"href":"https:\/\/summainferno.com\/en\/wp-json\/wp\/v2\/categories?post=30431"},{"taxonomy":"post_tag","embeddable":true,"href":"https:\/\/summainferno.com\/en\/wp-json\/wp\/v2\/tags?post=30431"}],"curies":[{"name":"wp","href":"https:\/\/api.w.org\/{rel}","templated":true}]}}