{"id":29775,"date":"2019-10-28T21:43:12","date_gmt":"2019-10-28T21:43:12","guid":{"rendered":"http:\/\/summainferno.com\/?p=29775"},"modified":"2019-10-28T21:43:20","modified_gmt":"2019-10-28T21:43:20","slug":"el-nuevo-album-de-ozzy-saldria-en-enero-segun-sharon-osbourne","status":"publish","type":"post","link":"https:\/\/summainferno.com\/en\/el-nuevo-album-de-ozzy-saldria-en-enero-segun-sharon-osbourne\/","title":{"rendered":"Ozzy&#039;s new album would come out in January according to Sharon Osbourne"},"content":{"rendered":"<p>According <strong>Sharon Osbourne<\/strong>, he <a href=\"http:\/\/summainferno.com\/ozzy-osbourne-ha-terminado-su-nuevo-album-solista\/\">new album<\/a> of <strong>Ozzy<\/strong> It would be available from January 2020. Or at least he said so during an interview with SiriusXM, where he was asked about the state of health of the legendary singer of <strong>Black Sabbath<\/strong>.<\/p>\n\n\n\n<p><em>&#8220;Ah\u00ed la lleva. Tuvo un accidente muy, muy grave este a\u00f1o, pero ah\u00ed la lleva. Acaba de terminar de grabar un \u00e1lbum el cual saldr\u00e1 en enero. Va muy bien. Est\u00e1 muy entusiasmado con el dueto que hizo con Post Malone y Travis Scott. Lo est\u00e1 haciendo genial. Est\u00e1 en el top 40 de la radio y est\u00e1 subiendo cada semana. Va muy bien.&#8221;<\/em><\/p>\n\n\n\n<p>Due to health complications,\u00a0<strong>Ozzy Osbourne\u00a0<\/strong>has been forced to <a href=\"http:\/\/summainferno.com\/y-aqui-viene-ozzy-posponiendo-su-gira-de-nuevo\/\">postpone your tour in Europe<\/a> again a few days ago. The European tour was scheduled to take place between January and March 2020, returning to the United States in May. <\/p>\n\n\n\n<div style=\"height:50px\" aria-hidden=\"true\" class=\"wp-block-spacer\"><\/div>\n\n\n\n<figure class=\"wp-block-embed-youtube wp-block-embed is-type-video is-provider-youtube wp-embed-aspect-16-9 wp-has-aspect-ratio\"><div class=\"wp-block-embed__wrapper\">\n<iframe class=\"zeen-lazy-load-base zeen-lazy-load\" title=\"Sharon Osbourne on Ozzy&#039;s Health\" width=\"1200\" height=\"675\" src=\"about:blank\" data-lazy-src=\"https:\/\/www.youtube.com\/embed\/rlsIiHOpOi8?feature=oembed\" frameborder=\"0\" allow=\"accelerometer; autoplay; clipboard-write; encrypted-media; gyroscope; picture-in-picture\" allowfullscreen><\/iframe><noscript><iframe title=\"Sharon Osbourne on Ozzy&#039;s Health\" width=\"1200\" height=\"675\" src=\"https:\/\/www.youtube.com\/embed\/rlsIiHOpOi8?feature=oembed\" frameborder=\"0\" allow=\"accelerometer; autoplay; clipboard-write; encrypted-media; gyroscope; picture-in-picture\" allowfullscreen><\/iframe><\/noscript>\n<\/div><\/figure>","protected":false},"excerpt":{"rendered":"<p>El nuevo \u00e1lbum de Ozzy estar\u00eda disponible a partir del mes de enero del 2020.<\/p>","protected":false},"author":1,"featured_media":29776,"comment_status":"open","ping_status":"open","sticky":false,"template":"","format":"standard","meta":{"footnotes":""},"categories":[171,260],"tags":[2625,487],"class_list":["post-29775","post","type-post","status-publish","format-standard","has-post-thumbnail","hentry","category-heavy-metal","category-new","tag-2625","tag-ozzy-osbourne"],"_links":{"self":[{"href":"https:\/\/summainferno.com\/en\/wp-json\/wp\/v2\/posts\/29775","targetHints":{"allow":["GET"]}}],"collection":[{"href":"https:\/\/summainferno.com\/en\/wp-json\/wp\/v2\/posts"}],"about":[{"href":"https:\/\/summainferno.com\/en\/wp-json\/wp\/v2\/types\/post"}],"author":[{"embeddable":true,"href":"https:\/\/summainferno.com\/en\/wp-json\/wp\/v2\/users\/1"}],"replies":[{"embeddable":true,"href":"https:\/\/summainferno.com\/en\/wp-json\/wp\/v2\/comments?post=29775"}],"version-history":[{"count":0,"href":"https:\/\/summainferno.com\/en\/wp-json\/wp\/v2\/posts\/29775\/revisions"}],"wp:featuredmedia":[{"embeddable":true,"href":"https:\/\/summainferno.com\/en\/wp-json\/wp\/v2\/media\/29776"}],"wp:attachment":[{"href":"https:\/\/summainferno.com\/en\/wp-json\/wp\/v2\/media?parent=29775"}],"wp:term":[{"taxonomy":"category","embeddable":true,"href":"https:\/\/summainferno.com\/en\/wp-json\/wp\/v2\/categories?post=29775"},{"taxonomy":"post_tag","embeddable":true,"href":"https:\/\/summainferno.com\/en\/wp-json\/wp\/v2\/tags?post=29775"}],"curies":[{"name":"wp","href":"https:\/\/api.w.org\/{rel}","templated":true}]}}