{"id":29436,"date":"2019-10-22T22:29:50","date_gmt":"2019-10-22T22:29:50","guid":{"rendered":"http:\/\/summainferno.com\/?p=29436"},"modified":"2019-10-22T22:51:09","modified_gmt":"2019-10-22T22:51:09","slug":"en-2020-nos-sentaremos-a-escribir-para-lanzar-un-nuevo-disco-fu-manchu","status":"publish","type":"post","link":"https:\/\/summainferno.com\/en\/en-2020-nos-sentaremos-a-escribir-para-lanzar-un-nuevo-disco-fu-manchu\/","title":{"rendered":"&quot;In 2020 we will sit down to write to release a new album&quot;: Fu Manchu."},"content":{"rendered":"<p>La vida da y la vida quita, y si bien es cierto fue una triste noticia el\nsaber que <strong>Elecrtic Wizard<\/strong> no vendr\u00eda\nal festival <strong>Hypnosis<\/strong>, su relevo fue\nuna tremenda sorpresa que a muchos nos hizo olvidar ese cambio. Estamos\nhablando de la leyenda <strong>Fu Manchu<\/strong>,\nuna de las bandas de <em>Stoner rock<\/em> m\u00e1s importantes y adrenal\u00ednicas de la\nescena; con quienes pudimos platicar previo a su primera presentaci\u00f3n en\nnuestro pa\u00eds. <\/p>\n\n\n\n<figure class=\"wp-block-image\"><img decoding=\"async\" width=\"1024\" height=\"683\" loading=\"lazy\" src=\"http:\/\/summainferno.com\/wp-content\/uploads\/2019\/10\/FU-MANCHU-MAROQUINERIE-091016-8-1024x683.jpg\" alt=\"\" class=\"wp-image-29444\" title=\"\" srcset=\"https:\/\/summainferno.com\/wp-content\/uploads\/2019\/10\/FU-MANCHU-MAROQUINERIE-091016-8-1024x683.jpg 1024w, https:\/\/summainferno.com\/wp-content\/uploads\/2019\/10\/FU-MANCHU-MAROQUINERIE-091016-8-300x200.jpg 300w, https:\/\/summainferno.com\/wp-content\/uploads\/2019\/10\/FU-MANCHU-MAROQUINERIE-091016-8-768x513.jpg 768w, https:\/\/summainferno.com\/wp-content\/uploads\/2019\/10\/FU-MANCHU-MAROQUINERIE-091016-8-1170x781.jpg 1170w, https:\/\/summainferno.com\/wp-content\/uploads\/2019\/10\/FU-MANCHU-MAROQUINERIE-091016-8-585x390.jpg 585w, https:\/\/summainferno.com\/wp-content\/uploads\/2019\/10\/FU-MANCHU-MAROQUINERIE-091016-8-263x175.jpg 263w, https:\/\/summainferno.com\/wp-content\/uploads\/2019\/10\/FU-MANCHU-MAROQUINERIE-091016-8.jpg 1500w\" sizes=\"auto, (max-width: 1024px) 100vw, 1024px\" \/><noscript><img decoding=\"async\" width=\"1024\" height=\"683\" src=\"http:\/\/summainferno.com\/wp-content\/uploads\/2019\/10\/FU-MANCHU-MAROQUINERIE-091016-8-1024x683.jpg\" alt=\"\" class=\"wp-image-29444\" title=\"\" srcset=\"https:\/\/summainferno.com\/wp-content\/uploads\/2019\/10\/FU-MANCHU-MAROQUINERIE-091016-8-1024x683.jpg 1024w, https:\/\/summainferno.com\/wp-content\/uploads\/2019\/10\/FU-MANCHU-MAROQUINERIE-091016-8-300x200.jpg 300w, https:\/\/summainferno.com\/wp-content\/uploads\/2019\/10\/FU-MANCHU-MAROQUINERIE-091016-8-768x513.jpg 768w, https:\/\/summainferno.com\/wp-content\/uploads\/2019\/10\/FU-MANCHU-MAROQUINERIE-091016-8-1170x781.jpg 1170w, https:\/\/summainferno.com\/wp-content\/uploads\/2019\/10\/FU-MANCHU-MAROQUINERIE-091016-8-585x390.jpg 585w, https:\/\/summainferno.com\/wp-content\/uploads\/2019\/10\/FU-MANCHU-MAROQUINERIE-091016-8-263x175.jpg 263w, https:\/\/summainferno.com\/wp-content\/uploads\/2019\/10\/FU-MANCHU-MAROQUINERIE-091016-8.jpg 1500w\" sizes=\"(max-width: 1024px) 100vw, 1024px\" \/><\/noscript><\/figure>\n\n\n\n<p><strong>\u00bfC\u00f3mo naci\u00f3 la oportunidad de venir por primera vez a M\u00e9xico? \u00bfHab\u00eda pl\u00e1ticas previas o todo fue tan r\u00e1pido como parece?<\/strong><\/p>\n\n\n\n<p>Bueno en realidad fue un poco de ambos. Las pl\u00e1ticas para venir y el contacto\nsiempre han existido. Sin embargo, cuando el festival Hipnosis nos contact\u00f3\npara venir todo fluy\u00f3 y fue muy f\u00e1cil y r\u00e1pido, y decidimos era una gran\noportunidad para venir a M\u00e9xico. <\/p>\n\n\n\n<p><strong>\u00bfQu\u00e9 tanto conocen ustedes de nuestro pa\u00eds? \u00bfDe nuestras bandas y de\nc\u00f3mo es el p\u00fablico?<\/strong><\/p>\n\n\n\n<p>Hemos escuchado mucho es un bello pa\u00eds y sabemos hay muchos fans de la buena\nm\u00fasica, a quienes estaremos muy felices de conocer. No conozco mucho sobre\nbandas o escena local pero voy a dar una buena buscada para la pr\u00f3xima que\nplatiquemos. <\/p>\n\n\n\n<p><strong>En su m\u00e1s reciente \u00e1lbum ustedes trabajaron con Alex, guitarrista de\nRush. \u00bfComo naci\u00f3 y como se desarroll\u00f3 esa colaboraci\u00f3n?<\/strong><\/p>\n\n\n\n<p>Alex es un m\u00fasico al que nosotros admiramos mucho, adem\u00e1s de una excelente\npersona. Entonces pensamos en invitarlo a colaborar en uno de los temas de\nnuestro m\u00e1s recientes trabajos y nos dijo que con mucho gusto. Encuadramos las\nagendas y fue as\u00ed como pudimos contar con su colaboraci\u00f3n en el tema \u201cIl Mostro\nAtomico\u201d<\/p>\n\n\n\n<div class=\"wp-block-image\"><figure class=\"aligncenter\"><img decoding=\"async\" width=\"600\" height=\"400\" loading=\"lazy\" src=\"http:\/\/summainferno.com\/wp-content\/uploads\/2019\/10\/fuman1310141.jpg\" alt=\"\" class=\"wp-image-29439\" title=\"\" srcset=\"https:\/\/summainferno.com\/wp-content\/uploads\/2019\/10\/fuman1310141.jpg 600w, https:\/\/summainferno.com\/wp-content\/uploads\/2019\/10\/fuman1310141-300x200.jpg 300w, https:\/\/summainferno.com\/wp-content\/uploads\/2019\/10\/fuman1310141-585x390.jpg 585w, https:\/\/summainferno.com\/wp-content\/uploads\/2019\/10\/fuman1310141-263x175.jpg 263w\" sizes=\"auto, (max-width: 600px) 100vw, 600px\" \/><noscript><img decoding=\"async\" width=\"600\" height=\"400\" src=\"http:\/\/summainferno.com\/wp-content\/uploads\/2019\/10\/fuman1310141.jpg\" alt=\"\" class=\"wp-image-29439\" title=\"\" srcset=\"https:\/\/summainferno.com\/wp-content\/uploads\/2019\/10\/fuman1310141.jpg 600w, https:\/\/summainferno.com\/wp-content\/uploads\/2019\/10\/fuman1310141-300x200.jpg 300w, https:\/\/summainferno.com\/wp-content\/uploads\/2019\/10\/fuman1310141-585x390.jpg 585w, https:\/\/summainferno.com\/wp-content\/uploads\/2019\/10\/fuman1310141-263x175.jpg 263w\" sizes=\"(max-width: 600px) 100vw, 600px\" \/><\/noscript><\/figure><\/div>\n\n\n\n<p><strong>\u00bfEst\u00e1n trabajando ya en algo para lanzar nuevo disco? <\/strong><\/p>\n\n\n\n<p>Si, en realidad estamos en ello. Tenemos todav\u00eda unos cuantos festivales por\ndelante y unos cuantos shows en los Estados Unidos, y concluimos la gira me\nparece en Los \u00c1ngeles. A partir de ah\u00ed nos sentaremos a terminar&nbsp; de\nescribir los temas, y esperamos entrar al estudio para lanzar algo en efecto en\n2020.<\/p>\n\n\n\n<p><strong>Y sobre los discos en vivo, el \u00faltimo fue lanzado hace m\u00e1s de 15\na\u00f1os \u00bfUstedes piensan es momento de lanzar uno nuevo? <\/strong><\/p>\n\n\n\n<p>Es un buen punto. Tenemos material previo y tambi\u00e9n varias fechas para poder\ngrabar algo. Quiz\u00e1 terminando la gira si consideramos vale la pena podr\u00edamos\nlanzar algo tambi\u00e9n el otro a\u00f1o<\/p>\n\n\n\n<p><strong>Sabemos que Black Sabbath es una de sus mayores influencias. \u00bfCual\nes para ustedes la mejor etapa de esa gran banda? \u00bfCon Ozzy Osbourne o con\nRonnie James Dio? <\/strong><\/p>\n\n\n\n<p>Honestamente prefiero la etapa con <strong>Ozzy<\/strong>. Es el principio de todo y lo que marc\u00f3 una nueva forma de hacer m\u00fasica que perdura hasta nuestros d\u00edas. No desmerezco la etapa con <strong>Ronnie James Dio<\/strong> pero me quedo con <strong>Ozzy Osbourne <\/strong>sin duda. <\/p>\n\n\n\n<p><strong>\u00bfC\u00f3mo preparan su set para el festival hipnosis teniendo en cuenta\nnunca han venido pero tambi\u00e9n que el tiempo ser\u00e1 limitado? <\/strong><\/p>\n\n\n\n<p>Tenemos una buena selecci\u00f3n de temas, te aseguro van a disfrutar mucho el show. Espero verlos a todos el s\u00e1bado por all\u00e1 porque ser\u00e1 un gran concierto. <\/p>\n\n\n\n<figure class=\"wp-block-image\"><img decoding=\"async\" width=\"1024\" height=\"1024\" loading=\"lazy\" src=\"http:\/\/summainferno.com\/wp-content\/uploads\/2019\/10\/unnamed-3-1024x1024.png\" alt=\"\" class=\"wp-image-29440\" title=\"\" srcset=\"https:\/\/summainferno.com\/wp-content\/uploads\/2019\/10\/unnamed-3-1024x1024.png 1024w, https:\/\/summainferno.com\/wp-content\/uploads\/2019\/10\/unnamed-3-150x150.png 150w, https:\/\/summainferno.com\/wp-content\/uploads\/2019\/10\/unnamed-3-300x300.png 300w, https:\/\/summainferno.com\/wp-content\/uploads\/2019\/10\/unnamed-3-768x768.png 768w, https:\/\/summainferno.com\/wp-content\/uploads\/2019\/10\/unnamed-3-1170x1170.png 1170w, https:\/\/summainferno.com\/wp-content\/uploads\/2019\/10\/unnamed-3-585x585.png 585w, https:\/\/summainferno.com\/wp-content\/uploads\/2019\/10\/unnamed-3-640x640.png 640w, https:\/\/summainferno.com\/wp-content\/uploads\/2019\/10\/unnamed-3-24x24.png 24w, https:\/\/summainferno.com\/wp-content\/uploads\/2019\/10\/unnamed-3-48x48.png 48w, https:\/\/summainferno.com\/wp-content\/uploads\/2019\/10\/unnamed-3-96x96.png 96w, https:\/\/summainferno.com\/wp-content\/uploads\/2019\/10\/unnamed-3.png 1200w\" sizes=\"auto, (max-width: 1024px) 100vw, 1024px\" \/><noscript><img decoding=\"async\" width=\"1024\" height=\"1024\" src=\"http:\/\/summainferno.com\/wp-content\/uploads\/2019\/10\/unnamed-3-1024x1024.png\" alt=\"\" class=\"wp-image-29440\" title=\"\" srcset=\"https:\/\/summainferno.com\/wp-content\/uploads\/2019\/10\/unnamed-3-1024x1024.png 1024w, https:\/\/summainferno.com\/wp-content\/uploads\/2019\/10\/unnamed-3-150x150.png 150w, https:\/\/summainferno.com\/wp-content\/uploads\/2019\/10\/unnamed-3-300x300.png 300w, https:\/\/summainferno.com\/wp-content\/uploads\/2019\/10\/unnamed-3-768x768.png 768w, https:\/\/summainferno.com\/wp-content\/uploads\/2019\/10\/unnamed-3-1170x1170.png 1170w, https:\/\/summainferno.com\/wp-content\/uploads\/2019\/10\/unnamed-3-585x585.png 585w, https:\/\/summainferno.com\/wp-content\/uploads\/2019\/10\/unnamed-3-640x640.png 640w, https:\/\/summainferno.com\/wp-content\/uploads\/2019\/10\/unnamed-3-24x24.png 24w, https:\/\/summainferno.com\/wp-content\/uploads\/2019\/10\/unnamed-3-48x48.png 48w, https:\/\/summainferno.com\/wp-content\/uploads\/2019\/10\/unnamed-3-96x96.png 96w, https:\/\/summainferno.com\/wp-content\/uploads\/2019\/10\/unnamed-3.png 1200w\" sizes=\"(max-width: 1024px) 100vw, 1024px\" \/><\/noscript><\/figure>","protected":false},"excerpt":{"rendered":"<p>Pudimos platicar con Fu Manchu, una de las bandas stoner m\u00e1s importantes que estar\u00e1n presentes en Hipnosis <\/p>","protected":false},"author":9,"featured_media":29437,"comment_status":"open","ping_status":"open","sticky":false,"template":"","format":"standard","meta":{"footnotes":""},"categories":[445,394],"tags":[2931],"class_list":["post-29436","post","type-post","status-publish","format-standard","has-post-thumbnail","hentry","category-entrevistas","category-stoner-rock-2","tag-fu-manchu"],"_links":{"self":[{"href":"https:\/\/summainferno.com\/en\/wp-json\/wp\/v2\/posts\/29436","targetHints":{"allow":["GET"]}}],"collection":[{"href":"https:\/\/summainferno.com\/en\/wp-json\/wp\/v2\/posts"}],"about":[{"href":"https:\/\/summainferno.com\/en\/wp-json\/wp\/v2\/types\/post"}],"author":[{"embeddable":true,"href":"https:\/\/summainferno.com\/en\/wp-json\/wp\/v2\/users\/9"}],"replies":[{"embeddable":true,"href":"https:\/\/summainferno.com\/en\/wp-json\/wp\/v2\/comments?post=29436"}],"version-history":[{"count":0,"href":"https:\/\/summainferno.com\/en\/wp-json\/wp\/v2\/posts\/29436\/revisions"}],"wp:featuredmedia":[{"embeddable":true,"href":"https:\/\/summainferno.com\/en\/wp-json\/wp\/v2\/media\/29437"}],"wp:attachment":[{"href":"https:\/\/summainferno.com\/en\/wp-json\/wp\/v2\/media?parent=29436"}],"wp:term":[{"taxonomy":"category","embeddable":true,"href":"https:\/\/summainferno.com\/en\/wp-json\/wp\/v2\/categories?post=29436"},{"taxonomy":"post_tag","embeddable":true,"href":"https:\/\/summainferno.com\/en\/wp-json\/wp\/v2\/tags?post=29436"}],"curies":[{"name":"wp","href":"https:\/\/api.w.org\/{rel}","templated":true}]}}