{"id":28954,"date":"2019-10-04T18:26:24","date_gmt":"2019-10-04T18:26:24","guid":{"rendered":"http:\/\/summainferno.com\/?p=28954"},"modified":"2019-10-04T18:29:51","modified_gmt":"2019-10-04T18:29:51","slug":"chris-fehn-todavia-tiene-esperanza-de-volver-a-slipknot","status":"publish","type":"post","link":"https:\/\/summainferno.com\/en\/chris-fehn-todavia-tiene-esperanza-de-volver-a-slipknot\/","title":{"rendered":"Chris Fehn todav\u00eda tiene esperanza de volver a Slipknot"},"content":{"rendered":"<p>A pesar de todos los problemas, dimes y diretes que se han suscitado tras su despido de <strong>Slipknot<\/strong> a principios de a\u00f1o, al parecer <strong>Chris Fehn <\/strong>todav\u00eda tiene esperanza de volver a la banda o al menos as\u00ed lo dej\u00f3 ver en sus redes sociales. <\/p>\n\n\n\n<p>A petici\u00f3n expresa de un fan en su cuenta de Instagram quien le pidi\u00f3 volver a <strong>Slipknot<\/strong>, la respuesta de <strong>Fehn<\/strong> simplemente fue &#8220;alg\u00fan d\u00eda&#8221;, lo que denota que el percusionista todav\u00eda mantiene la fe de volver a pesar de las intensas discuciones que ha mantenido con sus ahora ex-compa\u00f1eros, sobre todo Corey Taylor y Shawn Crahan.<\/p>\n\n\n\n<div style=\"height:32px\" aria-hidden=\"true\" class=\"wp-block-spacer\"><\/div>\n\n\n\n<div class=\"wp-block-image\"><figure class=\"aligncenter\"><img decoding=\"async\" width=\"667\" height=\"481\" loading=\"lazy\" src=\"http:\/\/summainferno.com\/wp-content\/uploads\/2019\/10\/Captura-de-Pantalla-2019-10-04-a-las-13.24.26.png\" alt=\"\" class=\"wp-image-28956\" title=\"\" srcset=\"https:\/\/summainferno.com\/wp-content\/uploads\/2019\/10\/Captura-de-Pantalla-2019-10-04-a-las-13.24.26.png 667w, https:\/\/summainferno.com\/wp-content\/uploads\/2019\/10\/Captura-de-Pantalla-2019-10-04-a-las-13.24.26-300x216.png 300w, https:\/\/summainferno.com\/wp-content\/uploads\/2019\/10\/Captura-de-Pantalla-2019-10-04-a-las-13.24.26-585x422.png 585w\" sizes=\"auto, (max-width: 667px) 100vw, 667px\" \/><noscript><img decoding=\"async\" width=\"667\" height=\"481\" src=\"http:\/\/summainferno.com\/wp-content\/uploads\/2019\/10\/Captura-de-Pantalla-2019-10-04-a-las-13.24.26.png\" alt=\"\" class=\"wp-image-28956\" title=\"\" srcset=\"https:\/\/summainferno.com\/wp-content\/uploads\/2019\/10\/Captura-de-Pantalla-2019-10-04-a-las-13.24.26.png 667w, https:\/\/summainferno.com\/wp-content\/uploads\/2019\/10\/Captura-de-Pantalla-2019-10-04-a-las-13.24.26-300x216.png 300w, https:\/\/summainferno.com\/wp-content\/uploads\/2019\/10\/Captura-de-Pantalla-2019-10-04-a-las-13.24.26-585x422.png 585w\" sizes=\"(max-width: 667px) 100vw, 667px\" \/><\/noscript><\/figure><\/div>\n\n\n\n<div style=\"height:32px\" aria-hidden=\"true\" class=\"wp-block-spacer\"><\/div>\n\n\n\n<p>El pasado mes de septiembre, Corey Taylor y Shawn Crahan pidieron a una corte de Nueva York, <a href=\"http:\/\/summainferno.com\/slipknot-corey-taylor-y-shawn-crahan-piden-desestimar-la-demanda-de-chris-fehn\/\">desestimar el caso <\/a>de Chris Fehn, bajo la l\u00f3gica de que <em>&#8220;pues ninguno de ellos tiene residencia en la ciudad, ninguno de los contratos fueron firmados ah\u00ed y ninguno de los discos fue grabado en Nueva York; siendo que la \u00fanica relaci\u00f3n que la banda tendr\u00eda con ese lugar ser\u00edan los conciertos ofrecidos durante sus giras.&#8221;<\/em><\/p>\n\n\n\n<p>En marzo pasado,&nbsp;<strong>Chris Fehn<\/strong>&nbsp;demand\u00f3 a&nbsp;<strong>Corey Taylor<\/strong>&nbsp;and<strong>&nbsp;Shawn Crahan<\/strong>&nbsp;por sentir que no se le pagaba una parte igualitaria de los ingresos de la banda. Seg\u00fan la declaraci\u00f3n de&nbsp;<strong>Fehn<\/strong>, siempre se le indic\u00f3 que el dinero de las ventas de mercancia y la giras, se realizaba a trav\u00e9s de una \u00fanica compa\u00f1ia, la cual se encargaba de dividir el dinero y entregarlo a los miembros de la banda; sin embargo, afirma que recientemente descubri\u00f3 que los otros m\u00fasicos de&nbsp;<strong>Slipknot<\/strong>&nbsp;han creado entidades distintas para poder cobrar dinero con la marca, sin que pase por la empresa antes mencionada. Por ello,&nbsp;<strong>Fehn&nbsp;<\/strong>exige una indemnizaci\u00f3n y se\u00f1ala directamente a&nbsp;<strong>Corey Taylor<\/strong>&nbsp;and&nbsp;<strong>Shawn Crahan<\/strong>&nbsp;por estos supuestos movimientos sucios, adem\u00e1s de exigir que se haga una auditoria completa a las cuentas de&nbsp;<strong>Slipkno<\/strong>t y en su caso, recibir el dinero que se le habr\u00eda quedado a deber. Uno d\u00edas despu\u00e9s,&nbsp;<strong>Slipknot<\/strong>&nbsp;lo expuls\u00f3 de sus filas.<\/p>\n\n\n\n<p><em>\u00abSlipknot est\u00e1 enfocado en la realizaci\u00f3n de nuestro sexto \u00e1lbum de estudio y los shows que vienen para nosotros alrededor del mundo, los mejores de nuestra carrera. Chris sabe porque ya no forma parte de Slipknot. Estamos decepcionados de que prefirieron apuntar con el dedo y hacer reclamos, en vez de hacer lo necesario para seguir formando parte de la banda. Hubi\u00e9ramos preferido que \u00e9l no tomara el camino y que tom\u00f3 pero la evoluci\u00f3n es necesaria en todas las cosas de la vida.\u00bb<\/em><\/p>\n\n\n\n<p>Despu\u00e9s, Rob Shore, manager de la banda lanz\u00f3 una nueva declaraci\u00f3n donde dice que Fehn, quien demand\u00f3 a sus ex-compa\u00f1eros de bandas tras no sentirse satisfecho por los ingresos que se le pagaban por sus servicios, no era un miembro accionista, propietario ni socio de ninguna marca relacionada con la banda, siendo todos estos derechos exclusivos de<strong>&nbsp;Corey Taylor<\/strong>&nbsp;and&nbsp;<strong>Shawn Crahan<\/strong>.&nbsp;<em>\u00abChris Fehn tocaba para Slipknot y se le pagaba por hacerlo.\u00bb<\/em><\/p>\n\n\n\n<p>Slipknot volver\u00e1 a M\u00e9xico el pr\u00f3ximo 30 de noviembre para encabezar la cuarta edici\u00f3n del Knotfest M\u00e9xico que se llevar\u00e1 a cabo en el Parque Ocean\u00eda. Los boletos ya est\u00e1n a la venta.<\/p>\n\n\n\n<div style=\"height:36px\" aria-hidden=\"true\" class=\"wp-block-spacer\"><\/div>\n\n\n\n<figure class=\"wp-block-image\"><img decoding=\"async\" loading=\"lazy\" src=\"http:\/\/summainferno.com\/wp-content\/uploads\/2019\/09\/knotfest-mx-1024x716.jpg\" alt=\"\" title=\"\"><noscript><img decoding=\"async\" src=\"http:\/\/summainferno.com\/wp-content\/uploads\/2019\/09\/knotfest-mx-1024x716.jpg\" alt=\"\" title=\"\"><\/noscript><\/figure>","protected":false},"excerpt":{"rendered":"<p> Chris Fehn todav\u00eda tiene esperanza de volver SLipknot o al menos as\u00ed lo dej\u00f3 ver en sus redes sociales. <\/p>","protected":false},"author":1,"featured_media":28955,"comment_status":"open","ping_status":"open","sticky":false,"template":"","format":"standard","meta":{"footnotes":""},"categories":[31,260],"tags":[1527],"class_list":["post-28954","post","type-post","status-publish","format-standard","has-post-thumbnail","hentry","category-metal","category-new","tag-chris-fehn"],"_links":{"self":[{"href":"https:\/\/summainferno.com\/en\/wp-json\/wp\/v2\/posts\/28954","targetHints":{"allow":["GET"]}}],"collection":[{"href":"https:\/\/summainferno.com\/en\/wp-json\/wp\/v2\/posts"}],"about":[{"href":"https:\/\/summainferno.com\/en\/wp-json\/wp\/v2\/types\/post"}],"author":[{"embeddable":true,"href":"https:\/\/summainferno.com\/en\/wp-json\/wp\/v2\/users\/1"}],"replies":[{"embeddable":true,"href":"https:\/\/summainferno.com\/en\/wp-json\/wp\/v2\/comments?post=28954"}],"version-history":[{"count":0,"href":"https:\/\/summainferno.com\/en\/wp-json\/wp\/v2\/posts\/28954\/revisions"}],"wp:featuredmedia":[{"embeddable":true,"href":"https:\/\/summainferno.com\/en\/wp-json\/wp\/v2\/media\/28955"}],"wp:attachment":[{"href":"https:\/\/summainferno.com\/en\/wp-json\/wp\/v2\/media?parent=28954"}],"wp:term":[{"taxonomy":"category","embeddable":true,"href":"https:\/\/summainferno.com\/en\/wp-json\/wp\/v2\/categories?post=28954"},{"taxonomy":"post_tag","embeddable":true,"href":"https:\/\/summainferno.com\/en\/wp-json\/wp\/v2\/tags?post=28954"}],"curies":[{"name":"wp","href":"https:\/\/api.w.org\/{rel}","templated":true}]}}