{"id":28411,"date":"2019-09-17T20:47:31","date_gmt":"2019-09-17T20:47:31","guid":{"rendered":"http:\/\/summainferno.com\/?p=28411"},"modified":"2019-09-17T20:47:34","modified_gmt":"2019-09-17T20:47:34","slug":"marilyn-manson-hara-aparicion-en-la-serie-american-gods","status":"publish","type":"post","link":"https:\/\/summainferno.com\/en\/marilyn-manson-hara-aparicion-en-la-serie-american-gods\/","title":{"rendered":"Marilyn Manson har\u00e1 aparici\u00f3n en la serie &#8216;American Gods&#8217;"},"content":{"rendered":"<p><strong>Marilyn Manson<\/strong> nuevamente har\u00e1 una aparici\u00f3n en la televisi\u00f3n. El cantante formar\u00e1 parte de la serie &#8216;<em>American Gods&#8217;<\/em> del canal <em>Starz<\/em> en el papel de <strong>Johan Wengren<\/strong>, el l\u00edder de <strong>Blood Death<\/strong>, una banda de Viking Death Metal.<\/p>\n\n\n\n<p><em>&#8220;Como admirador desde hace mucho tiempo de su talento como autor, artista, m\u00fasico y actor, es grandioso poder trabajar con Manson en la temporada 3 de American Gods&#8221;<\/em>, declar\u00f3 el showrunner de la serie, <strong>Chic Eglee<\/strong>. <em>&#8220;Al aportar su energ\u00eda espec\u00edfica, su ingenio y su entusiasmo ilimitado por todo al papel de Johan, un&#8221; berserker &#8220;n\u00f3rdico al servicio de Odin, su actuaci\u00f3n promete ser inquietante, original y singularmente entretenida&#8221;.<\/em><\/p>\n\n\n\n<p><em>&#8216;American Gods&#8217; <\/em>es una serie inspirada en el libro hom\u00f3nimo, escrito por el afamado autor brit\u00e1nica Neil Gaiman. El libro fue publicado originalmente en 2001 y la serie tuvo su estreno en 2017.<\/p>\n\n\n\n<div style=\"height:25px\" aria-hidden=\"true\" class=\"wp-block-spacer\"><\/div>\n\n\n\n<figure class=\"wp-block-embed-youtube wp-block-embed is-type-video is-provider-youtube wp-embed-aspect-16-9 wp-has-aspect-ratio\"><div class=\"wp-block-embed__wrapper\">\n<iframe class=\"zeen-lazy-load-base zeen-lazy-load\" title=\"American Gods | official trailer (2017)\" width=\"1200\" height=\"675\" src=\"about:blank\" data-lazy-src=\"https:\/\/www.youtube.com\/embed\/z6HLeNl8DOs?feature=oembed\" frameborder=\"0\" allow=\"accelerometer; autoplay; clipboard-write; encrypted-media; gyroscope; picture-in-picture\" allowfullscreen><\/iframe><noscript><iframe title=\"American Gods | official trailer (2017)\" width=\"1200\" height=\"675\" src=\"https:\/\/www.youtube.com\/embed\/z6HLeNl8DOs?feature=oembed\" frameborder=\"0\" allow=\"accelerometer; autoplay; clipboard-write; encrypted-media; gyroscope; picture-in-picture\" allowfullscreen><\/iframe><\/noscript>\n<\/div><\/figure>","protected":false},"excerpt":{"rendered":"<p>Marilyn Manson nuevamente har\u00e1 una aparici\u00f3n en la televisi\u00f3n. El cantante formar\u00e1 parte de la serie &#8216;American Gods&#8217; del canal Starz<\/p>","protected":false},"author":1,"featured_media":28412,"comment_status":"open","ping_status":"open","sticky":false,"template":"","format":"standard","meta":{"footnotes":""},"categories":[260],"tags":[2747,226],"class_list":["post-28411","post","type-post","status-publish","format-standard","has-post-thumbnail","hentry","category-new","tag-american-gods","tag-marilyn-manson"],"_links":{"self":[{"href":"https:\/\/summainferno.com\/en\/wp-json\/wp\/v2\/posts\/28411","targetHints":{"allow":["GET"]}}],"collection":[{"href":"https:\/\/summainferno.com\/en\/wp-json\/wp\/v2\/posts"}],"about":[{"href":"https:\/\/summainferno.com\/en\/wp-json\/wp\/v2\/types\/post"}],"author":[{"embeddable":true,"href":"https:\/\/summainferno.com\/en\/wp-json\/wp\/v2\/users\/1"}],"replies":[{"embeddable":true,"href":"https:\/\/summainferno.com\/en\/wp-json\/wp\/v2\/comments?post=28411"}],"version-history":[{"count":0,"href":"https:\/\/summainferno.com\/en\/wp-json\/wp\/v2\/posts\/28411\/revisions"}],"wp:featuredmedia":[{"embeddable":true,"href":"https:\/\/summainferno.com\/en\/wp-json\/wp\/v2\/media\/28412"}],"wp:attachment":[{"href":"https:\/\/summainferno.com\/en\/wp-json\/wp\/v2\/media?parent=28411"}],"wp:term":[{"taxonomy":"category","embeddable":true,"href":"https:\/\/summainferno.com\/en\/wp-json\/wp\/v2\/categories?post=28411"},{"taxonomy":"post_tag","embeddable":true,"href":"https:\/\/summainferno.com\/en\/wp-json\/wp\/v2\/tags?post=28411"}],"curies":[{"name":"wp","href":"https:\/\/api.w.org\/{rel}","templated":true}]}}