{"id":27734,"date":"2019-09-09T18:14:05","date_gmt":"2019-09-09T18:14:05","guid":{"rendered":"http:\/\/summainferno.com\/?p=27734"},"modified":"2019-09-11T17:33:59","modified_gmt":"2019-09-11T17:33:59","slug":"siete-bandas-que-queremos-ver-en-hell-and-heaven-2020","status":"publish","type":"post","link":"https:\/\/summainferno.com\/en\/siete-bandas-que-queremos-ver-en-hell-and-heaven-2020\/","title":{"rendered":"Seven bands we want to see at Hell and Heaven 2020"},"content":{"rendered":"<p>The arrival of a new edition of the festival <strong>Hell and Heaven <\/strong>is imminent. Live Talent made it official that the event will return in 2020 (although without many details yet) and we have already tasted the bands that will possibly make up a lineup that we are sure will be spectacular.<\/p>\n\n\n\n<p>We leave you seven bands that we would like to see in our country as part of the Hell and Heaven 2020 poster.<\/p>\n\n\n\n<div style=\"height:30px\" aria-hidden=\"true\" class=\"wp-block-spacer\"><\/div>\n\n\n\n<hr class=\"wp-block-separator is-style-dots\"\/>\n\n\n\n<div style=\"height:30px\" aria-hidden=\"true\" class=\"wp-block-spacer\"><\/div>\n\n\n\n<h3 class=\"wp-block-heading\" style=\"text-align:center\">GOJIRA<\/h3>\n\n\n\n<hr class=\"wp-block-separator is-style-wide\"\/>\n\n\n\n<figure class=\"wp-block-image\"><img decoding=\"async\" width=\"976\" height=\"531\" loading=\"lazy\" src=\"http:\/\/summainferno.com\/wp-content\/uploads\/2019\/09\/gojirahh.png\" alt=\"Gojira Hell and Heaven 2020\" class=\"wp-image-27735\" title=\"\" srcset=\"https:\/\/summainferno.com\/wp-content\/uploads\/2019\/09\/gojirahh.png 976w, https:\/\/summainferno.com\/wp-content\/uploads\/2019\/09\/gojirahh-300x163.png 300w, https:\/\/summainferno.com\/wp-content\/uploads\/2019\/09\/gojirahh-768x418.png 768w, https:\/\/summainferno.com\/wp-content\/uploads\/2019\/09\/gojirahh-585x318.png 585w\" sizes=\"auto, (max-width: 976px) 100vw, 976px\" \/><noscript><img decoding=\"async\" width=\"976\" height=\"531\" src=\"http:\/\/summainferno.com\/wp-content\/uploads\/2019\/09\/gojirahh.png\" alt=\"Gojira Hell and Heaven 2020\" class=\"wp-image-27735\" title=\"\" srcset=\"https:\/\/summainferno.com\/wp-content\/uploads\/2019\/09\/gojirahh.png 976w, https:\/\/summainferno.com\/wp-content\/uploads\/2019\/09\/gojirahh-300x163.png 300w, https:\/\/summainferno.com\/wp-content\/uploads\/2019\/09\/gojirahh-768x418.png 768w, https:\/\/summainferno.com\/wp-content\/uploads\/2019\/09\/gojirahh-585x318.png 585w\" sizes=\"(max-width: 976px) 100vw, 976px\" \/><\/noscript><\/figure>\n\n\n\n<p>The French <strong>Gojira<\/strong> They have become one of the bands with the largest number of followers worldwide in recent years and one of the greatest references in contemporary metal. With a show full of power and despite the fact that his latest album<em> &#8216;Magma&#8217; <\/em>It has been launched for 3 years, it seems that the number of followers of the French band does nothing but rise. Let&#039;s hope that the dates give and the works of his next studio album do not interfere.<\/p>\n\n\n\n<div style=\"height:50px\" aria-hidden=\"true\" class=\"wp-block-spacer\"><\/div>\n\n\n\n<h3 class=\"wp-block-heading\" style=\"text-align:center\">TOOL<\/h3>\n\n\n\n<hr class=\"wp-block-separator is-style-wide\"\/>\n\n\n\n<figure class=\"wp-block-image\"><img decoding=\"async\" width=\"976\" height=\"531\" loading=\"lazy\" src=\"http:\/\/summainferno.com\/wp-content\/uploads\/2019\/09\/tool.png\" alt=\"Tool Hell and Heaven 2020\" class=\"wp-image-27738\" title=\"\" srcset=\"https:\/\/summainferno.com\/wp-content\/uploads\/2019\/09\/tool.png 976w, https:\/\/summainferno.com\/wp-content\/uploads\/2019\/09\/tool-300x163.png 300w, https:\/\/summainferno.com\/wp-content\/uploads\/2019\/09\/tool-768x418.png 768w, https:\/\/summainferno.com\/wp-content\/uploads\/2019\/09\/tool-585x318.png 585w\" sizes=\"auto, (max-width: 976px) 100vw, 976px\" \/><noscript><img decoding=\"async\" width=\"976\" height=\"531\" src=\"http:\/\/summainferno.com\/wp-content\/uploads\/2019\/09\/tool.png\" alt=\"Tool Hell and Heaven 2020\" class=\"wp-image-27738\" title=\"\" srcset=\"https:\/\/summainferno.com\/wp-content\/uploads\/2019\/09\/tool.png 976w, https:\/\/summainferno.com\/wp-content\/uploads\/2019\/09\/tool-300x163.png 300w, https:\/\/summainferno.com\/wp-content\/uploads\/2019\/09\/tool-768x418.png 768w, https:\/\/summainferno.com\/wp-content\/uploads\/2019\/09\/tool-585x318.png 585w\" sizes=\"(max-width: 976px) 100vw, 976px\" \/><\/noscript><\/figure>\n\n\n\n<p>One of the most requested bands worldwide would be an excellent headliner for a festival like Hell and Heaven 2020, especially with the enormous hype generated by the release of their new album, <em>&#039;Fear Inoculum&#039; <\/em>which has catapulted them to the top of the popularity charts worldwide. We would be more than happy to see <strong>Maynard J. Keenan<\/strong>, <strong>Adam Jones<\/strong>, <strong>Danny Carey <\/strong>and <strong>Justin Chancellor <\/strong>on the main stage of the festival.<\/p>\n\n\n\n<div style=\"height:50px\" aria-hidden=\"true\" class=\"wp-block-spacer\"><\/div>\n\n\n\n<h3 class=\"wp-block-heading\" style=\"text-align:center\">MERCYFUL FATE<\/h3>\n\n\n\n<hr class=\"wp-block-separator is-style-wide\"\/>\n\n\n\n<figure class=\"wp-block-image\"><img decoding=\"async\" width=\"976\" height=\"531\" loading=\"lazy\" src=\"http:\/\/summainferno.com\/wp-content\/uploads\/2019\/09\/mercyful_fate.png\" alt=\"Mercyful Fate Hell and Heaven 2020\" class=\"wp-image-27739\" title=\"\" srcset=\"https:\/\/summainferno.com\/wp-content\/uploads\/2019\/09\/mercyful_fate.png 976w, https:\/\/summainferno.com\/wp-content\/uploads\/2019\/09\/mercyful_fate-300x163.png 300w, https:\/\/summainferno.com\/wp-content\/uploads\/2019\/09\/mercyful_fate-768x418.png 768w, https:\/\/summainferno.com\/wp-content\/uploads\/2019\/09\/mercyful_fate-585x318.png 585w\" sizes=\"auto, (max-width: 976px) 100vw, 976px\" \/><noscript><img decoding=\"async\" width=\"976\" height=\"531\" src=\"http:\/\/summainferno.com\/wp-content\/uploads\/2019\/09\/mercyful_fate.png\" alt=\"Mercyful Fate Hell and Heaven 2020\" class=\"wp-image-27739\" title=\"\" srcset=\"https:\/\/summainferno.com\/wp-content\/uploads\/2019\/09\/mercyful_fate.png 976w, https:\/\/summainferno.com\/wp-content\/uploads\/2019\/09\/mercyful_fate-300x163.png 300w, https:\/\/summainferno.com\/wp-content\/uploads\/2019\/09\/mercyful_fate-768x418.png 768w, https:\/\/summainferno.com\/wp-content\/uploads\/2019\/09\/mercyful_fate-585x318.png 585w\" sizes=\"(max-width: 976px) 100vw, 976px\" \/><\/noscript><\/figure>\n\n\n\n<p>The return of one of the greatest metal legends in Denmark thrilled thousands of fans worldwide. Now, with a handful of confirmed shows throughout Europe, and also with new themes the arrival of <strong>Mercyful Fate <\/strong>in the framework of Hell and Heaven 2020 it would be a blow of authority from the festival and a <em>must<\/em> for all lovers of the genre.<\/p>\n\n\n\n<div style=\"height:50px\" aria-hidden=\"true\" class=\"wp-block-spacer\"><\/div>\n\n\n\n<h3 class=\"wp-block-heading\" style=\"text-align:center\">MANOWAR<\/h3>\n\n\n\n<hr class=\"wp-block-separator is-style-wide\"\/>\n\n\n\n<figure class=\"wp-block-image\"><img decoding=\"async\" width=\"976\" height=\"531\" loading=\"lazy\" src=\"http:\/\/summainferno.com\/wp-content\/uploads\/2019\/09\/manowar.png\" alt=\"Manowar Hell and Heaven 2020\" class=\"wp-image-27740\" title=\"\" srcset=\"https:\/\/summainferno.com\/wp-content\/uploads\/2019\/09\/manowar.png 976w, https:\/\/summainferno.com\/wp-content\/uploads\/2019\/09\/manowar-300x163.png 300w, https:\/\/summainferno.com\/wp-content\/uploads\/2019\/09\/manowar-768x418.png 768w, https:\/\/summainferno.com\/wp-content\/uploads\/2019\/09\/manowar-585x318.png 585w\" sizes=\"auto, (max-width: 976px) 100vw, 976px\" \/><noscript><img decoding=\"async\" width=\"976\" height=\"531\" src=\"http:\/\/summainferno.com\/wp-content\/uploads\/2019\/09\/manowar.png\" alt=\"Manowar Hell and Heaven 2020\" class=\"wp-image-27740\" title=\"\" srcset=\"https:\/\/summainferno.com\/wp-content\/uploads\/2019\/09\/manowar.png 976w, https:\/\/summainferno.com\/wp-content\/uploads\/2019\/09\/manowar-300x163.png 300w, https:\/\/summainferno.com\/wp-content\/uploads\/2019\/09\/manowar-768x418.png 768w, https:\/\/summainferno.com\/wp-content\/uploads\/2019\/09\/manowar-585x318.png 585w\" sizes=\"(max-width: 976px) 100vw, 976px\" \/><\/noscript><\/figure>\n\n\n\n<p><strong>Manowar <\/strong>It is one of the bands most requested by metal lovers in Mexico, especially since Joey DeMaio&#039;s band has never set foot on Mexican soil. It must be remembered that a few months ago DeMaio himself announced that they had found a promoter in our country and that they would soon announce their participation in a festival, so their appearance in Hell and Heaven 2020 is quite feasible. <\/p>\n\n\n\n<div style=\"height:50px\" aria-hidden=\"true\" class=\"wp-block-spacer\"><\/div>\n\n\n\n<h3 class=\"wp-block-heading\" style=\"text-align:center\">AMON AMARTH<\/h3>\n\n\n\n<hr class=\"wp-block-separator is-style-wide\"\/>\n\n\n\n<figure class=\"wp-block-image\"><img decoding=\"async\" width=\"976\" height=\"531\" loading=\"lazy\" src=\"http:\/\/summainferno.com\/wp-content\/uploads\/2019\/09\/amon.png\" alt=\"Amon Amarth Hell and Heaven 2020\" class=\"wp-image-27741\" title=\"\" srcset=\"https:\/\/summainferno.com\/wp-content\/uploads\/2019\/09\/amon.png 976w, https:\/\/summainferno.com\/wp-content\/uploads\/2019\/09\/amon-300x163.png 300w, https:\/\/summainferno.com\/wp-content\/uploads\/2019\/09\/amon-768x418.png 768w, https:\/\/summainferno.com\/wp-content\/uploads\/2019\/09\/amon-585x318.png 585w\" sizes=\"auto, (max-width: 976px) 100vw, 976px\" \/><noscript><img decoding=\"async\" width=\"976\" height=\"531\" src=\"http:\/\/summainferno.com\/wp-content\/uploads\/2019\/09\/amon.png\" alt=\"Amon Amarth Hell and Heaven 2020\" class=\"wp-image-27741\" title=\"\" srcset=\"https:\/\/summainferno.com\/wp-content\/uploads\/2019\/09\/amon.png 976w, https:\/\/summainferno.com\/wp-content\/uploads\/2019\/09\/amon-300x163.png 300w, https:\/\/summainferno.com\/wp-content\/uploads\/2019\/09\/amon-768x418.png 768w, https:\/\/summainferno.com\/wp-content\/uploads\/2019\/09\/amon-585x318.png 585w\" sizes=\"(max-width: 976px) 100vw, 976px\" \/><\/noscript><\/figure>\n\n\n\n<p>With a new album under his arm, <em>&#8216;Berzerker&#8217; <\/em>and an enviable legion of followers in Mexico, <strong>Amon Amarth<\/strong> It would be an excellent option to ensure good attendance at the festival. This would not be the first time that the Vikings of <strong>Johan Hegg <\/strong>appeared at the festival, as they were part of the 2016 edition, headed by <strong>Rammstein<\/strong>.<\/p>\n\n\n\n<div style=\"height:50px\" aria-hidden=\"true\" class=\"wp-block-spacer\"><\/div>\n\n\n\n<h3 class=\"wp-block-heading\" style=\"text-align:center\">VOLBEAT<\/h3>\n\n\n\n<hr class=\"wp-block-separator is-style-wide\"\/>\n\n\n\n<figure class=\"wp-block-image\"><img decoding=\"async\" width=\"976\" height=\"531\" loading=\"lazy\" src=\"http:\/\/summainferno.com\/wp-content\/uploads\/2019\/09\/volbeat.png\" alt=\"Volbeat Hell and Heaven 2020\" class=\"wp-image-27742\" title=\"\" srcset=\"https:\/\/summainferno.com\/wp-content\/uploads\/2019\/09\/volbeat.png 976w, https:\/\/summainferno.com\/wp-content\/uploads\/2019\/09\/volbeat-300x163.png 300w, https:\/\/summainferno.com\/wp-content\/uploads\/2019\/09\/volbeat-768x418.png 768w, https:\/\/summainferno.com\/wp-content\/uploads\/2019\/09\/volbeat-585x318.png 585w\" sizes=\"auto, (max-width: 976px) 100vw, 976px\" \/><noscript><img decoding=\"async\" width=\"976\" height=\"531\" src=\"http:\/\/summainferno.com\/wp-content\/uploads\/2019\/09\/volbeat.png\" alt=\"Volbeat Hell and Heaven 2020\" class=\"wp-image-27742\" title=\"\" srcset=\"https:\/\/summainferno.com\/wp-content\/uploads\/2019\/09\/volbeat.png 976w, https:\/\/summainferno.com\/wp-content\/uploads\/2019\/09\/volbeat-300x163.png 300w, https:\/\/summainferno.com\/wp-content\/uploads\/2019\/09\/volbeat-768x418.png 768w, https:\/\/summainferno.com\/wp-content\/uploads\/2019\/09\/volbeat-585x318.png 585w\" sizes=\"(max-width: 976px) 100vw, 976px\" \/><\/noscript><\/figure>\n\n\n\n<p>With almost twenty years of career behind him, the Danes <strong>Volbeat<\/strong> They are another great option to be part of the festival. Although their last visit did not fare well in terms of sales, their popularity has grown exponentially in recent years and we are sure it would be a great addition to the lineup.<\/p>\n\n\n\n<div style=\"height:50px\" aria-hidden=\"true\" class=\"wp-block-spacer\"><\/div>\n\n\n\n<h3 class=\"wp-block-heading\" style=\"text-align:center\">JUDAS PRIEST<\/h3>\n\n\n\n<hr class=\"wp-block-separator is-style-wide\"\/>\n\n\n\n<figure class=\"wp-block-image\"><img decoding=\"async\" width=\"976\" height=\"531\" loading=\"lazy\" src=\"http:\/\/summainferno.com\/wp-content\/uploads\/2019\/09\/judas_priest.png\" alt=\"Judas Priest Hell and Heaven 2020\" class=\"wp-image-27743\" title=\"\" srcset=\"https:\/\/summainferno.com\/wp-content\/uploads\/2019\/09\/judas_priest.png 976w, https:\/\/summainferno.com\/wp-content\/uploads\/2019\/09\/judas_priest-300x163.png 300w, https:\/\/summainferno.com\/wp-content\/uploads\/2019\/09\/judas_priest-768x418.png 768w, https:\/\/summainferno.com\/wp-content\/uploads\/2019\/09\/judas_priest-585x318.png 585w\" sizes=\"auto, (max-width: 976px) 100vw, 976px\" \/><noscript><img decoding=\"async\" width=\"976\" height=\"531\" src=\"http:\/\/summainferno.com\/wp-content\/uploads\/2019\/09\/judas_priest.png\" alt=\"Judas Priest Hell and Heaven 2020\" class=\"wp-image-27743\" title=\"\" srcset=\"https:\/\/summainferno.com\/wp-content\/uploads\/2019\/09\/judas_priest.png 976w, https:\/\/summainferno.com\/wp-content\/uploads\/2019\/09\/judas_priest-300x163.png 300w, https:\/\/summainferno.com\/wp-content\/uploads\/2019\/09\/judas_priest-768x418.png 768w, https:\/\/summainferno.com\/wp-content\/uploads\/2019\/09\/judas_priest-585x318.png 585w\" sizes=\"(max-width: 976px) 100vw, 976px\" \/><\/noscript><\/figure>\n\n\n\n<p>There is not much to say that this absolute metal legend has not been said. <strong>Judas Priest <\/strong>It is celebrating its 50 years of existence, so we would not see anything crazy that they returned to Mexico to head Hell and Heaven 2020, even when they were part of the last edition of the festival, which matters little to heavy metal lovers. We might as well see Rob Halford and his companions every day and not be bored.<\/p>\n\n\n\n<div style=\"height:50px\" aria-hidden=\"true\" class=\"wp-block-spacer\"><\/div>","protected":false},"excerpt":{"rendered":"<p>La llegada de una nueva edici\u00f3n del festival Hell and Heaven es inminente. Live Talent hizo oficial que el evento regresar\u00e1 en 2020 (aunque sin muchos detalles todav\u00eda) y nosotros ya nos saboreamos a las bandas que posiblemente conformar\u00e1n un cartel que estamos seguros ser\u00e1 espectacular. Te dejamos siete bandas que desear\u00edamos ver en nuestro pa\u00eds formando parte del cartel de Hell and Heaven 2020. GOJIRA Los franceses Gojira se han vuelto una de las bandas con m\u00e1s n\u00famero de [&hellip;]<\/p>\n","protected":false},"author":1,"featured_media":27736,"comment_status":"open","ping_status":"open","sticky":false,"template":"","format":"standard","meta":{"footnotes":""},"categories":[169,299,464,2700],"tags":[],"class_list":["post-27734","post","type-post","status-publish","format-standard","has-post-thumbnail","hentry","category-columnas","category-extra","category-festivales","category-hell-and-heaven"],"_links":{"self":[{"href":"https:\/\/summainferno.com\/en\/wp-json\/wp\/v2\/posts\/27734","targetHints":{"allow":["GET"]}}],"collection":[{"href":"https:\/\/summainferno.com\/en\/wp-json\/wp\/v2\/posts"}],"about":[{"href":"https:\/\/summainferno.com\/en\/wp-json\/wp\/v2\/types\/post"}],"author":[{"embeddable":true,"href":"https:\/\/summainferno.com\/en\/wp-json\/wp\/v2\/users\/1"}],"replies":[{"embeddable":true,"href":"https:\/\/summainferno.com\/en\/wp-json\/wp\/v2\/comments?post=27734"}],"version-history":[{"count":0,"href":"https:\/\/summainferno.com\/en\/wp-json\/wp\/v2\/posts\/27734\/revisions"}],"wp:featuredmedia":[{"embeddable":true,"href":"https:\/\/summainferno.com\/en\/wp-json\/wp\/v2\/media\/27736"}],"wp:attachment":[{"href":"https:\/\/summainferno.com\/en\/wp-json\/wp\/v2\/media?parent=27734"}],"wp:term":[{"taxonomy":"category","embeddable":true,"href":"https:\/\/summainferno.com\/en\/wp-json\/wp\/v2\/categories?post=27734"},{"taxonomy":"post_tag","embeddable":true,"href":"https:\/\/summainferno.com\/en\/wp-json\/wp\/v2\/tags?post=27734"}],"curies":[{"name":"wp","href":"https:\/\/api.w.org\/{rel}","templated":true}]}}