{"id":27288,"date":"2019-08-19T20:37:29","date_gmt":"2019-08-19T20:37:29","guid":{"rendered":"http:\/\/summainferno.com\/?p=27288"},"modified":"2019-08-19T20:37:32","modified_gmt":"2019-08-19T20:37:32","slug":"el-punk-no-ha-muerto-esta-muy-vivo-en-anti-flag","status":"publish","type":"post","link":"https:\/\/summainferno.com\/en\/el-punk-no-ha-muerto-esta-muy-vivo-en-anti-flag\/","title":{"rendered":"El punk no ha muerto; est\u00e1 muy vivo en Anti-Flag"},"content":{"rendered":"\n<p>Luego de tres a\u00f1os fuera de territorio mexicano y de su \u00faltima presentaci\u00f3n en el marco del <strong>Knotfest M\u00e9xico 2017<\/strong>,<strong> Anti Flag<\/strong> regres\u00f3 a nuestro pa\u00eds y lo hizo por la puerta grande, con tres show; Monterrey, CDMX y Guadalajara en donde la adrenalina se vivi\u00f3 a tope y, literalmente, tocaron entre el p\u00fablico.<br><\/p>\n\n\n\n<div style=\"height:20px\" aria-hidden=\"true\" class=\"wp-block-spacer\"><\/div>\n\n\n\n<p>Fue el pasado viernes 16 de agosto cuando los de Pittsburgh se presentaron en el<strong> C3 Stage<\/strong> de la Perla Tapat\u00eda, recinto que luc\u00eda desangelado cerca de iniciar el concierto pero al comenzar los primeros acordes de <em>&#8216;Die For Your Government&#8217; <\/em>ya se encontraba completamente abarrotado.<\/p>\n\n\n\n<p>Desde sus g\u00e9nesis, <strong>Anti Flag<\/strong> se han forjado bajo un claro lema idealista, con letras pol\u00edticas, anti-sistemas y tocando a favor de los animales; es de esas bandas que a\u00fan conserva ese esp\u00edritu contestatario logrando impregnarlo en cada una de sus presentaciones.<\/p>\n\n\n\n<p><em>&#8216;Broken Bones&#8217;, &#8216;Racists&#8217; <\/em>y <em>&#8216;Cities Burn&#8217;,<\/em> fueron parte de su primer set de canciones, acompa\u00f1ado de un <em>&#8216;Gracias Guadalajara, somos Anti-Flag de \u00a0Pittsburgh, Pensilvania ye esa noche vamos a rendirle tributo a el punk rock&#8217;, por parte de su vocalista Justin Sane quien en todo momento presumi\u00f3 intacta su caracter\u00edstica mohicana.\u00a0<\/em><\/p>\n\n\n\n<p>Uno de los momentos m\u00e1s \u00e1lgidos lleg\u00f3 de la mano de un gran himno, no s\u00f3lo de ellos, sino de toda la oleada punk de las \u00faltimas dos d\u00e9cadas reson\u00f3 por todo el C3 Stage: <em>&#8220;Fuck Police, Fuck Police, Fuck Police Brutality&#8221;<\/em>, se dej\u00f3 escuchar mientras se viv\u00eda un slam e histeria colectiva. Le siguieron<em> &#8216;The Bright Lights Of America&#8217; <\/em>y <em>&#8216;Trouble Follows Me&#8217;<\/em>, esta \u00faltima sirviendo como otro momento comunitario, los cerca de 500 tapat\u00edos coreando &#8216;Oh, oh, oh, oh, oh&#8217;, \u00bfHay algo m\u00e1s punk que esos coros? <strong>Ramones <\/strong>y <strong>The Clash<\/strong> estar\u00edan orgullosos de ellos.<\/p>\n\n\n\n<div style=\"height:20px\" aria-hidden=\"true\" class=\"wp-block-spacer\"><\/div>\n\n\n\n<figure class=\"wp-block-image\"><img decoding=\"async\" width=\"960\" height=\"640\" loading=\"lazy\" src=\"http:\/\/summainferno.com\/wp-content\/uploads\/2019\/08\/anti_f2.jpg\" alt=\"\" class=\"wp-image-27306\" title=\"\" srcset=\"https:\/\/summainferno.com\/wp-content\/uploads\/2019\/08\/anti_f2.jpg 960w, https:\/\/summainferno.com\/wp-content\/uploads\/2019\/08\/anti_f2-300x200.jpg 300w, https:\/\/summainferno.com\/wp-content\/uploads\/2019\/08\/anti_f2-768x512.jpg 768w, https:\/\/summainferno.com\/wp-content\/uploads\/2019\/08\/anti_f2-585x390.jpg 585w, https:\/\/summainferno.com\/wp-content\/uploads\/2019\/08\/anti_f2-263x175.jpg 263w\" sizes=\"auto, (max-width: 960px) 100vw, 960px\" \/><noscript><img decoding=\"async\" width=\"960\" height=\"640\" src=\"http:\/\/summainferno.com\/wp-content\/uploads\/2019\/08\/anti_f2.jpg\" alt=\"\" class=\"wp-image-27306\" title=\"\" srcset=\"https:\/\/summainferno.com\/wp-content\/uploads\/2019\/08\/anti_f2.jpg 960w, https:\/\/summainferno.com\/wp-content\/uploads\/2019\/08\/anti_f2-300x200.jpg 300w, https:\/\/summainferno.com\/wp-content\/uploads\/2019\/08\/anti_f2-768x512.jpg 768w, https:\/\/summainferno.com\/wp-content\/uploads\/2019\/08\/anti_f2-585x390.jpg 585w, https:\/\/summainferno.com\/wp-content\/uploads\/2019\/08\/anti_f2-263x175.jpg 263w\" sizes=\"(max-width: 960px) 100vw, 960px\" \/><\/noscript><\/figure>\n\n\n\n<div style=\"height:20px\" aria-hidden=\"true\" class=\"wp-block-spacer\"><\/div>\n\n\n\n<p>La velada se hac\u00eda adulta pero las sorpresas e interacci\u00f3n con el p\u00fablico segu\u00edan. Son\u00f3 <em>&#8216;1 Trillion Dollar$&#8217;, &#8216;Death of a Nation&#8217;<\/em> y<em> &#8216;The Press Corpse&#8217;<\/em> en donde uno de los asistentes tuvo la oportunidad de &nbsp;tocar el bajo de <strong>Chris<\/strong>, joven que no decepcion\u00f3 y toc\u00f3 con pulcritud el instrumento.<\/p>\n\n\n\n<p>Los \u00e1nimos apaciguaron un poco en el tradicional encore y encendieron al regreso con <em>&#8216;Brandenburg Gate&#8217;,<\/em> melod\u00eda en la que Chris, pidi\u00f3 que le hicieran espacio justo en medio del p\u00fablico ya que ah\u00ed se colocar\u00eda<strong> Pat<\/strong> con parte de su bater\u00eda y \u00e9l mismo entonar\u00eda codo al codo con sus fans. \u00a1Momento m\u00e1gico fue ese!<\/p>\n\n\n\n<p>El final llegaba con <em>&#8216;Power to the Peaceful&#8217; <\/em>y un p\u00fablico completamente sudoroso que oscilaba los treinta a\u00f1os, nulos pubertos se ve\u00edan, lo que hace pensar que las nuevas generaciones son ajenas a estos necesarios sonidos \u00a1Mal por eso!<\/p>\n\n\n\n<p>Recientemente, la banda ha confirmado que ya se encuentran grabando su nuevo \u00e1lbum de estudio junto a <strong>Matt Good<\/strong>, guitarrista de la banda <strong>From First To Last<\/strong>, por lo que posiblemente veamos a Justin, los Chris y Pat de nuevo en nuestro pa\u00eds.<\/p>\n\n\n\n<p>Con m\u00e1s de 20 a\u00f1os de trayectoria y m\u00e1s de diez discos de estudio,<strong> Anti-Flag <\/strong>dej\u00f3 en claro que el<em> punk <\/em>no ha muerto, est\u00e1 muy vivo gracias a ellos y a\u00fan falta mucho para que dejen ese estandarte.<\/p>\n\n\n\n<div style=\"height:20px\" aria-hidden=\"true\" class=\"wp-block-spacer\"><\/div>\n\n\n\n<p class=\"has-background has-very-dark-gray-background-color\">Rese\u00f1a por: H\u00e9ctor Navarro.  Fotograf\u00edas: Rodrigo Cerda .<\/p>\n\n\n\n<div style=\"height:56px\" aria-hidden=\"true\" class=\"wp-block-spacer\"><\/div>\n\n\n\n [penci_review] \n","protected":false},"excerpt":{"rendered":"<p>AntiFlag &#8211; Review 2019<\/p>","protected":false},"author":12,"featured_media":27305,"comment_status":"open","ping_status":"open","sticky":false,"template":"","format":"standard","meta":{"footnotes":""},"categories":[262,188],"tags":[476,2654],"class_list":["post-27288","post","type-post","status-publish","format-standard","has-post-thumbnail","hentry","category-punk","category-conciertos-resenas","tag-476","tag-antiflag"],"_links":{"self":[{"href":"https:\/\/summainferno.com\/en\/wp-json\/wp\/v2\/posts\/27288","targetHints":{"allow":["GET"]}}],"collection":[{"href":"https:\/\/summainferno.com\/en\/wp-json\/wp\/v2\/posts"}],"about":[{"href":"https:\/\/summainferno.com\/en\/wp-json\/wp\/v2\/types\/post"}],"author":[{"embeddable":true,"href":"https:\/\/summainferno.com\/en\/wp-json\/wp\/v2\/users\/12"}],"replies":[{"embeddable":true,"href":"https:\/\/summainferno.com\/en\/wp-json\/wp\/v2\/comments?post=27288"}],"version-history":[{"count":0,"href":"https:\/\/summainferno.com\/en\/wp-json\/wp\/v2\/posts\/27288\/revisions"}],"wp:featuredmedia":[{"embeddable":true,"href":"https:\/\/summainferno.com\/en\/wp-json\/wp\/v2\/media\/27305"}],"wp:attachment":[{"href":"https:\/\/summainferno.com\/en\/wp-json\/wp\/v2\/media?parent=27288"}],"wp:term":[{"taxonomy":"category","embeddable":true,"href":"https:\/\/summainferno.com\/en\/wp-json\/wp\/v2\/categories?post=27288"},{"taxonomy":"post_tag","embeddable":true,"href":"https:\/\/summainferno.com\/en\/wp-json\/wp\/v2\/tags?post=27288"}],"curies":[{"name":"wp","href":"https:\/\/api.w.org\/{rel}","templated":true}]}}