{"id":26494,"date":"2019-07-19T20:06:32","date_gmt":"2019-07-19T20:06:32","guid":{"rendered":"http:\/\/summainferno.com\/?p=26494"},"modified":"2019-07-19T20:06:35","modified_gmt":"2019-07-19T20:06:35","slug":"warcry-vuelve-a-mexico-en-2019-con-extensa-gira","status":"publish","type":"post","link":"https:\/\/summainferno.com\/en\/warcry-vuelve-a-mexico-en-2019-con-extensa-gira\/","title":{"rendered":"Warcry vuelve a M\u00e9xico en 2019 con extensa gira"},"content":{"rendered":"<p>Una de las bandas m\u00e1s representativas del metal ib\u00e9rica actual,<strong> Warcry<\/strong>, har\u00e1 su retorno a tierras mexicanas en el mes de agosto para dar un total de doce fechas en nuestro pa\u00eds.<\/p>\n\n\n\n<p> La banda asturiana volver\u00e1 a reunirse con sus ac\u00e9rrimos fans en ciudades como Ciudad de M\u00e9xico, San Luis Potos\u00ed, Guadalajara, Chihuahua, Ciudad Obreg\u00f3n y Monterrey. Adem\u00e1s visitar\u00e1 por primera vez los escenarios de Quer\u00e9taro, Oaxaca, Puebla, Toluca, Le\u00f3n y Hermosillo. Los boletos de todas las presentaciones ya se encuentran a la venta.<\/p>\n\n\n\n<div style=\"height:20px\" aria-hidden=\"true\" class=\"wp-block-spacer\"><\/div>\n\n\n\n<figure class=\"wp-block-embed-facebook wp-block-embed is-type-video is-provider-facebook\"><div class=\"wp-block-embed__wrapper\">\n<div id=\"fb-root\"><\/div><script async=\"1\" defer=\"1\" crossorigin=\"anonymous\" src=\"https:\/\/connect.facebook.net\/en_US\/sdk.js#xfbml=1&amp;version=v9.0\" nonce=\"2a50Gk98\"><\/script><div class=\"fb-video\" data-href=\"https:\/\/www.facebook.com\/WarCryOficial\/videos\/2404995792925658\/\" data-width=\"1200\"><blockquote cite=\"https:\/\/www.facebook.com\/WarCryOficial\/videos\/2404995792925658\/\" class=\"fb-xfbml-parse-ignore\"><a href=\"https:\/\/www.facebook.com\/WarCryOficial\/videos\/2404995792925658\/\" target=\"_blank\" rel=\"noopener\">Rompiendo El Silencio Tour M\u00e9xico<\/a><p>Y aqu\u00ed est\u00e1n las fechas de la gira completa de WarCry por M\u00e9xico.\u00a1Esperamos verte!#RompiendoElSilencioTourMexico<\/p>Posted by <a href=\"https:\/\/www.facebook.com\/111628697284\" target=\"_blank\" rel=\"noopener\">Warcry Oficial<\/a> on Friday, June 28, 2019<\/blockquote><\/div>\n<\/div><\/figure>\n\n\n\n<figure class=\"wp-block-image\"><img decoding=\"async\" width=\"1024\" height=\"437\" loading=\"lazy\" src=\"http:\/\/summainferno.com\/wp-content\/uploads\/2019\/07\/WarCry-Rompiendo-el-Silencio-Mexico-Tour-2019-1024x437.jpg\" alt=\"\" class=\"wp-image-26498\" title=\"\" srcset=\"https:\/\/summainferno.com\/wp-content\/uploads\/2019\/07\/WarCry-Rompiendo-el-Silencio-Mexico-Tour-2019-1024x437.jpg 1024w, https:\/\/summainferno.com\/wp-content\/uploads\/2019\/07\/WarCry-Rompiendo-el-Silencio-Mexico-Tour-2019-300x128.jpg 300w, https:\/\/summainferno.com\/wp-content\/uploads\/2019\/07\/WarCry-Rompiendo-el-Silencio-Mexico-Tour-2019-768x328.jpg 768w, https:\/\/summainferno.com\/wp-content\/uploads\/2019\/07\/WarCry-Rompiendo-el-Silencio-Mexico-Tour-2019-1170x500.jpg 1170w, https:\/\/summainferno.com\/wp-content\/uploads\/2019\/07\/WarCry-Rompiendo-el-Silencio-Mexico-Tour-2019.jpg 1920w, https:\/\/summainferno.com\/wp-content\/uploads\/2019\/07\/WarCry-Rompiendo-el-Silencio-Mexico-Tour-2019-585x250.jpg 585w\" sizes=\"auto, (max-width: 1024px) 100vw, 1024px\" \/><noscript><img decoding=\"async\" width=\"1024\" height=\"437\" src=\"http:\/\/summainferno.com\/wp-content\/uploads\/2019\/07\/WarCry-Rompiendo-el-Silencio-Mexico-Tour-2019-1024x437.jpg\" alt=\"\" class=\"wp-image-26498\" title=\"\" srcset=\"https:\/\/summainferno.com\/wp-content\/uploads\/2019\/07\/WarCry-Rompiendo-el-Silencio-Mexico-Tour-2019-1024x437.jpg 1024w, https:\/\/summainferno.com\/wp-content\/uploads\/2019\/07\/WarCry-Rompiendo-el-Silencio-Mexico-Tour-2019-300x128.jpg 300w, https:\/\/summainferno.com\/wp-content\/uploads\/2019\/07\/WarCry-Rompiendo-el-Silencio-Mexico-Tour-2019-768x328.jpg 768w, https:\/\/summainferno.com\/wp-content\/uploads\/2019\/07\/WarCry-Rompiendo-el-Silencio-Mexico-Tour-2019-1170x500.jpg 1170w, https:\/\/summainferno.com\/wp-content\/uploads\/2019\/07\/WarCry-Rompiendo-el-Silencio-Mexico-Tour-2019.jpg 1920w, https:\/\/summainferno.com\/wp-content\/uploads\/2019\/07\/WarCry-Rompiendo-el-Silencio-Mexico-Tour-2019-585x250.jpg 585w\" sizes=\"(max-width: 1024px) 100vw, 1024px\" \/><\/noscript><\/figure>","protected":false},"excerpt":{"rendered":"<p>Warcry, har\u00e1 su retorno a tierras mexicanas en el mes de agosto para dar un total de doce fechas en nuestro pa\u00eds.<\/p>","protected":false},"author":1,"featured_media":26495,"comment_status":"open","ping_status":"open","sticky":false,"template":"","format":"standard","meta":{"footnotes":""},"categories":[31,260],"tags":[476],"class_list":["post-26494","post","type-post","status-publish","format-standard","has-post-thumbnail","hentry","category-metal","category-new","tag-476"],"_links":{"self":[{"href":"https:\/\/summainferno.com\/en\/wp-json\/wp\/v2\/posts\/26494","targetHints":{"allow":["GET"]}}],"collection":[{"href":"https:\/\/summainferno.com\/en\/wp-json\/wp\/v2\/posts"}],"about":[{"href":"https:\/\/summainferno.com\/en\/wp-json\/wp\/v2\/types\/post"}],"author":[{"embeddable":true,"href":"https:\/\/summainferno.com\/en\/wp-json\/wp\/v2\/users\/1"}],"replies":[{"embeddable":true,"href":"https:\/\/summainferno.com\/en\/wp-json\/wp\/v2\/comments?post=26494"}],"version-history":[{"count":0,"href":"https:\/\/summainferno.com\/en\/wp-json\/wp\/v2\/posts\/26494\/revisions"}],"wp:featuredmedia":[{"embeddable":true,"href":"https:\/\/summainferno.com\/en\/wp-json\/wp\/v2\/media\/26495"}],"wp:attachment":[{"href":"https:\/\/summainferno.com\/en\/wp-json\/wp\/v2\/media?parent=26494"}],"wp:term":[{"taxonomy":"category","embeddable":true,"href":"https:\/\/summainferno.com\/en\/wp-json\/wp\/v2\/categories?post=26494"},{"taxonomy":"post_tag","embeddable":true,"href":"https:\/\/summainferno.com\/en\/wp-json\/wp\/v2\/tags?post=26494"}],"curies":[{"name":"wp","href":"https:\/\/api.w.org\/{rel}","templated":true}]}}