{"id":26322,"date":"2019-07-17T19:38:04","date_gmt":"2019-07-17T19:38:04","guid":{"rendered":"http:\/\/summainferno.com\/?p=26322"},"modified":"2019-07-17T21:59:37","modified_gmt":"2019-07-17T21:59:37","slug":"roger-waters-lanza-trailer-de-su-pelicula-us-them","status":"publish","type":"post","link":"https:\/\/summainferno.com\/en\/roger-waters-lanza-trailer-de-su-pelicula-us-them\/","title":{"rendered":"Roger Waters lanza trailer de su pel\u00edcula, &#8216;Us + Them&#8217;"},"content":{"rendered":"<p><strong>Roger Waters<\/strong> ha estrenado el trailer oficial de su pel\u00edcula <strong><em>&#8216;Us + Them&#8217;<\/em><\/strong>, la cual fue filmada en \u00c1msterdam durante la parte europea de su exitosa gira mundial de 2017\/2018 e incluye canciones de su carrera junto a<strong> Pink floyd<\/strong> y de su nuevo \u00e1lbum,<em> &#8216;Is This The Life We Really Want?&#8217;<\/em>.<\/p>\n\n\n\n<div style=\"height:20px\" aria-hidden=\"true\" class=\"wp-block-spacer\"><\/div>\n\n\n\n<figure class=\"wp-block-embed-facebook wp-block-embed is-type-video is-provider-facebook\"><div class=\"wp-block-embed__wrapper\">\n<div id=\"fb-root\"><\/div><script async=\"1\" defer=\"1\" crossorigin=\"anonymous\" src=\"https:\/\/connect.facebook.net\/en_US\/sdk.js#xfbml=1&amp;version=v9.0\" nonce=\"a4W9QoyM\"><\/script><div class=\"fb-video\" data-href=\"https:\/\/www.facebook.com\/rogerwaters\/videos\/400828190564986\/\" data-width=\"1200\"><blockquote cite=\"https:\/\/www.facebook.com\/rogerwaters\/videos\/400828190564986\/\" class=\"fb-xfbml-parse-ignore\"><a href=\"https:\/\/www.facebook.com\/rogerwaters\/videos\/400828190564986\/\" target=\"_blank\" rel=\"noopener\">ROGER WATERS  US+THEM<\/a><p>Roger Waters Us + ThemA film by Sean Evans and Roger WatersIn cinemas worldwide October 2 and 6 onlyTickets on sale nowrogerwatersusandthem.comRoger Waters, co-founder, creative force and songwriter behind Pink Floyd, presents his highly anticipated film, Us + Them, featuring state-of- the-art visual production and breath-taking sound in this unmissable cinema event. Filmed in Amsterdam on the European leg of his 2017 \u2013 2018 Us + Them tour which saw Waters perform to over two million people worldwide, the film features songs from his legendary Pink Floyd albums (The Dark Side of the Moon, The Wall, Animals, Wish You Were Here) and from his last album, Is This The Life We Really Want?Waters collaborates once more with Sean Evans, visionary director of the highly acclaimed movie, Roger Waters The Wall, to deliver this creatively pioneering film that inspires with its powerful music and message of human rights, liberty and love.<\/p>Posted by <a href=\"https:\/\/www.facebook.com\/101052049938609\" target=\"_blank\" rel=\"noopener\">Roger Waters<\/a> on Wednesday, July 17, 2019<\/blockquote><\/div>\n<\/div><\/figure>\n\n\n\n<div style=\"height:20px\" aria-hidden=\"true\" class=\"wp-block-spacer\"><\/div>\n\n\n\n<p><strong>Roger Waters<\/strong>, co-fundador y fuerza creativa detr\u00e1s de <strong>Pink floyd<\/strong>, de la mano del visionario director <strong>Sean Evans<\/strong>, trae a la pantalla la historia en vivo de<strong><em> &#8216;Us + Them&#8217;<\/em><\/strong> para inspirar con su m\u00fasica y poderoso mensaje en defensa de los derechos humanos, la libertad y el amor.&nbsp; <\/p>\n\n\n\n<div style=\"height:20px\" aria-hidden=\"true\" class=\"wp-block-spacer\"><\/div>\n\n\n\n<blockquote class=\"wp-block-quote is-layout-flow wp-block-quote-is-layout-flow\"><p> <em>&#8220;Estoy muy emocionado por el lanzamiento de la pel\u00edcula en octubre. &#8216;Us + Them&#8217; no es un viaje est\u00e1ndar de rock and roll, aunque algunos en la audiencia pueden gritar \u00a1yee haaaa! \u2013 lo cual est\u00e1 bien- &nbsp;muchos llorar\u00e1n. Eso es lo que espero. &#8216;Us + Them&#8217; es un llamado a la acci\u00f3n. El Homo Sapiens se encuentra en una encrucijada, podemos agrupar nuestro amor, desarrollar nuestra capacidad de empatizar con los dem\u00e1s y actuar colectivamente por el bien de nuestro planeta, o podemos permanecer c\u00f3modamente entumecidos y continuar, como los ciegos, en nuestro camino actual marchando hacia la extinci\u00f3n. &#8216;Us + Them&#8217; es un voto por el amor y la vida\u201d <\/em><\/p><cite>dice Waters en relaci\u00f3n a la cinta.<\/cite><\/blockquote>\n\n\n\n<div style=\"height:20px\" aria-hidden=\"true\" class=\"wp-block-spacer\"><\/div>\n\n\n\n<p>&nbsp;La cinta se proyectar\u00e1 en m\u00e1s de 2,500 cines en m\u00e1s de 60 pa\u00edses \u00fanicamente los d\u00edas 2 y el 6 de octubre. Para comprar boletos y ver una lista completa de cines donde se proyectar\u00e1 la pel\u00edcula visita&nbsp;<a rel=\"noreferrer noopener\" aria-label=\"www.rogerwatersusandthem.com (abre en una nueva pesta\u00f1a)\" href=\"http:\/\/www.rogerwatersusandthem.com\" target=\"_blank\">www.rogerwatersusandthem.com<\/a><\/p>\n\n\n\n<div style=\"height:20px\" aria-hidden=\"true\" class=\"wp-block-spacer\"><\/div>\n\n\n\n<div class=\"wp-block-image\"><figure class=\"aligncenter\"><img decoding=\"async\" loading=\"lazy\" src=\"http:\/\/summainferno.com\/wp-content\/uploads\/2019\/07\/ARTE-ROGER-WATERS-FILM.jpg\" alt=\"\" class=\"wp-image-26323\" title=\"\"><noscript><img decoding=\"async\" src=\"http:\/\/summainferno.com\/wp-content\/uploads\/2019\/07\/ARTE-ROGER-WATERS-FILM.jpg\" alt=\"\" class=\"wp-image-26323\" title=\"\"><\/noscript><\/figure><\/div>","protected":false},"excerpt":{"rendered":"<p>La nueva pel\u00edcula de Roger Waters llegar\u00e1 a M\u00e9xico, \u00a1compra tus boletos ya!<\/p>","protected":false},"author":1,"featured_media":26324,"comment_status":"open","ping_status":"open","sticky":false,"template":"","format":"standard","meta":{"footnotes":""},"categories":[111,260,2],"tags":[422,126,2578],"class_list":["post-26322","post","type-post","status-publish","format-standard","has-post-thumbnail","hentry","category-destacado","category-new","category-rock","tag-pelicula","tag-roger-waters","tag-us-them"],"_links":{"self":[{"href":"https:\/\/summainferno.com\/en\/wp-json\/wp\/v2\/posts\/26322","targetHints":{"allow":["GET"]}}],"collection":[{"href":"https:\/\/summainferno.com\/en\/wp-json\/wp\/v2\/posts"}],"about":[{"href":"https:\/\/summainferno.com\/en\/wp-json\/wp\/v2\/types\/post"}],"author":[{"embeddable":true,"href":"https:\/\/summainferno.com\/en\/wp-json\/wp\/v2\/users\/1"}],"replies":[{"embeddable":true,"href":"https:\/\/summainferno.com\/en\/wp-json\/wp\/v2\/comments?post=26322"}],"version-history":[{"count":0,"href":"https:\/\/summainferno.com\/en\/wp-json\/wp\/v2\/posts\/26322\/revisions"}],"wp:featuredmedia":[{"embeddable":true,"href":"https:\/\/summainferno.com\/en\/wp-json\/wp\/v2\/media\/26324"}],"wp:attachment":[{"href":"https:\/\/summainferno.com\/en\/wp-json\/wp\/v2\/media?parent=26322"}],"wp:term":[{"taxonomy":"category","embeddable":true,"href":"https:\/\/summainferno.com\/en\/wp-json\/wp\/v2\/categories?post=26322"},{"taxonomy":"post_tag","embeddable":true,"href":"https:\/\/summainferno.com\/en\/wp-json\/wp\/v2\/tags?post=26322"}],"curies":[{"name":"wp","href":"https:\/\/api.w.org\/{rel}","templated":true}]}}